{"id":11276,"date":"2026-04-22T07:21:25","date_gmt":"2026-04-22T14:21:25","guid":{"rendered":"https:\/\/www.emboldcu.org\/?p=11276"},"modified":"2026-04-22T07:21:29","modified_gmt":"2026-04-22T14:21:29","slug":"annual-meeting-and-petition-notice","status":"publish","type":"post","link":"https:\/\/www.emboldcu.org\/es\/blog\/announcements\/annual-meeting-and-petition-notice\/","title":{"rendered":"Aviso de reuni\u00f3n anual y solicitud"},"content":{"rendered":"<p>Como miembro valioso de Embold Credit Union, nos complace invitarle a nuestro\u00a0<strong>Reuni\u00f3n Anual de 2026<\/strong>que tendr\u00e1 lugar el\u00a0<strong>Mi\u00e9rcoles 27 de mayo de 2026, a las 18:00 horas.<\/strong>. Este importante evento se llevar\u00e1 a cabo en nuestra Sala Comunitaria, ubicada en\u00a0<strong>15099 SE McLoughlin Boulevard, Oak Grove, OR<\/strong>.<\/p>\n<p>No se presentaron candidaturas por petici\u00f3n. Dado que solo hay un candidato por puesto vacante, no se celebrar\u00e1n elecciones y los candidatos ser\u00e1n elegidos por aclamaci\u00f3n, de acuerdo con nuestra pol\u00edtica que proh\u00edbe las candidaturas durante la sesi\u00f3n.<\/p>\n<p style=\"text-align: center;\"><strong>Candidatos a la Junta Directiva de 2026<\/strong><\/p>\n<ul>\n<li><strong>Dana Lord, titular del cargo:<\/strong> Dana, ex directora de salud p\u00fablica del condado de Clackamas y empleada del condado durante 34 a\u00f1os, centr\u00f3 su carrera en la salud y la seguridad de los residentes del condado. Es voluntaria de AARP Tax Aide para personas mayores y residentes de bajos ingresos del \u00e1rea metropolitana y disfruta viajar y estar al aire libre. Se ha desempe\u00f1ado como presidenta de la junta y ha estado en la junta directiva de Embold desde 2004. Dana y su esposo viven en la zona rural del condado de Clackamas, cerca de Estacada.<\/li>\n<li><strong>Stacey Hubbard, titular del cargo:<\/strong> Stacey trabaja actualmente en el sector inmobiliario y tiene 20 a\u00f1os de experiencia en instituciones financieras, incluyendo m\u00e1s de cinco a\u00f1os en Embold Credit Union. Ella tiene muchos a\u00f1os de experiencia como voluntaria, incluyendo el servicio como Tesorero de Canby Rotary. Ella disfruta ayudando a otros a alcanzar sus metas y es una orgullosa residente de Oregon City.<\/li>\n<li><strong>Vicki Piersall, titular del cargo:<\/strong> Vicki aporta m\u00e1s de 20 a\u00f1os de experiencia en estrategia y operaciones empresariales. Vicki ha dirigido con \u00e9xito m\u00faltiples desinversiones y aplicado planes estrat\u00e9gicos que mejoraron los beneficios y ampliaron la cuota de mercado en sectores dif\u00edciles. Es licenciada en Comercio Internacional y Gesti\u00f3n de Marketing por la Universidad Estatal de Oreg\u00f3n y tiene un m\u00e1ster en Inform\u00e1tica por la Universidad de Oreg\u00f3n.<\/li>\n<\/ul>\n<p>Gracias por su continuo apoyo y por ser miembro de Embold Credit Union. Esperamos contar con su participaci\u00f3n en la Asamblea Anual y valoramos su implicaci\u00f3n en nuestra comunidad.<\/p>","protected":false},"excerpt":{"rendered":"<p>Como miembro valioso de la Cooperativa de Cr\u00e9dito Embold, nos complace invitarle a nuestra Reuni\u00f3n Anual de 2026, que tendr\u00e1 lugar el mi\u00e9rcoles 27 de mayo de 2026 a las 18:00 horas. <a href=\"https:\/\/www.emboldcu.org\/es\/blog\/announcements\/annual-meeting-and-petition-notice\/\">Lee mas<\/a><\/p>","protected":false},"author":9,"featured_media":3696,"comment_status":"closed","ping_status":"closed","sticky":false,"template":"","format":"standard","meta":{"_acf_changed":false,"footnotes":""},"categories":[8],"tags":[],"class_list":["post-11276","post","type-post","status-publish","format-standard","has-post-thumbnail","hentry","category-announcements"],"acf":[],"yoast_head":"<!-- This site is optimized with the Yoast SEO Premium plugin v27.2 (Yoast SEO v27.2) - https:\/\/yoast.com\/product\/yoast-seo-premium-wordpress\/ -->\n<title>Annual Meeting and Petition Notice | Embold Credit Union<\/title>\n<meta name=\"robots\" content=\"index, follow, max-snippet:-1, max-image-preview:large, max-video-preview:-1\" \/>\n<link rel=\"canonical\" href=\"https:\/\/www.emboldcu.org\/es\/blog\/announcements\/annual-meeting-and-petition-notice\/\" \/>\n<meta property=\"og:locale\" content=\"es_ES\" \/>\n<meta property=\"og:type\" content=\"article\" \/>\n<meta property=\"og:title\" content=\"Annual Meeting and Petition Notice\" \/>\n<meta property=\"og:description\" content=\"As a valued member of the Embold Credit Union, we are pleased to invite you to our\u00a02026 Annual Meeting, which will take place on\u00a0Wednesday, May 27, 2026, at 6:00 PM.\u2026 Read more\" \/>\n<meta property=\"og:url\" content=\"https:\/\/www.emboldcu.org\/es\/blog\/announcements\/annual-meeting-and-petition-notice\/\" \/>\n<meta property=\"og:site_name\" content=\"Embold Credit Union\" \/>\n<meta property=\"article:publisher\" content=\"https:\/\/www.facebook.com\/emboldcu\" \/>\n<meta property=\"article:published_time\" content=\"2026-04-22T14:21:25+00:00\" \/>\n<meta property=\"article:modified_time\" content=\"2026-04-22T14:21:29+00:00\" \/>\n<meta property=\"og:image\" content=\"https:\/\/www.emboldcu.org\/wp-content\/uploads\/2020\/04\/Q1-Blog-post-Mt-Hood-Flower-2020.jpg\" \/>\n\t<meta property=\"og:image:width\" content=\"450\" \/>\n\t<meta property=\"og:image:height\" content=\"300\" \/>\n\t<meta property=\"og:image:type\" content=\"image\/jpeg\" \/>\n<meta name=\"author\" content=\"hilary\" \/>\n<meta name=\"twitter:card\" content=\"summary_large_image\" \/>\n<meta name=\"twitter:creator\" content=\"@emboldcu\" \/>\n<meta name=\"twitter:site\" content=\"@emboldcu\" \/>\n<meta name=\"twitter:label1\" content=\"Written by\" \/>\n\t<meta name=\"twitter:data1\" content=\"hilary\" \/>\n\t<meta name=\"twitter:label2\" content=\"Est. reading time\" \/>\n\t<meta name=\"twitter:data2\" content=\"2 minutos\" \/>\n<script type=\"application\/ld+json\" class=\"yoast-schema-graph\">{\"@context\":\"https:\/\/schema.org\",\"@graph\":[{\"@type\":\"Article\",\"@id\":\"https:\/\/www.emboldcu.org\/blog\/announcements\/annual-meeting-and-petition-notice\/#article\",\"isPartOf\":{\"@id\":\"https:\/\/www.emboldcu.org\/blog\/announcements\/annual-meeting-and-petition-notice\/\"},\"author\":{\"name\":\"hilary\",\"@id\":\"https:\/\/www.emboldcu.org\/#\/schema\/person\/b50ab7a54ab5f96cd42738688e12de29\"},\"headline\":\"Annual Meeting and Petition Notice\",\"datePublished\":\"2026-04-22T14:21:25+00:00\",\"dateModified\":\"2026-04-22T14:21:29+00:00\",\"mainEntityOfPage\":{\"@id\":\"https:\/\/www.emboldcu.org\/blog\/announcements\/annual-meeting-and-petition-notice\/\"},\"wordCount\":320,\"publisher\":{\"@id\":\"https:\/\/www.emboldcu.org\/#organization\"},\"image\":{\"@id\":\"https:\/\/www.emboldcu.org\/blog\/announcements\/annual-meeting-and-petition-notice\/#primaryimage\"},\"thumbnailUrl\":\"https:\/\/www.emboldcu.org\/wp-content\/uploads\/2020\/04\/Q1-Blog-post-Mt-Hood-Flower-2020.jpg\",\"articleSection\":[\"Announcements\"],\"inLanguage\":\"es-ES\"},{\"@type\":\"WebPage\",\"@id\":\"https:\/\/www.emboldcu.org\/blog\/announcements\/annual-meeting-and-petition-notice\/\",\"url\":\"https:\/\/www.emboldcu.org\/blog\/announcements\/annual-meeting-and-petition-notice\/\",\"name\":\"Annual Meeting and Petition Notice | Embold Credit Union\",\"isPartOf\":{\"@id\":\"https:\/\/www.emboldcu.org\/#website\"},\"primaryImageOfPage\":{\"@id\":\"https:\/\/www.emboldcu.org\/blog\/announcements\/annual-meeting-and-petition-notice\/#primaryimage\"},\"image\":{\"@id\":\"https:\/\/www.emboldcu.org\/blog\/announcements\/annual-meeting-and-petition-notice\/#primaryimage\"},\"thumbnailUrl\":\"https:\/\/www.emboldcu.org\/wp-content\/uploads\/2020\/04\/Q1-Blog-post-Mt-Hood-Flower-2020.jpg\",\"datePublished\":\"2026-04-22T14:21:25+00:00\",\"dateModified\":\"2026-04-22T14:21:29+00:00\",\"breadcrumb\":{\"@id\":\"https:\/\/www.emboldcu.org\/blog\/announcements\/annual-meeting-and-petition-notice\/#breadcrumb\"},\"inLanguage\":\"es-ES\",\"potentialAction\":[{\"@type\":\"ReadAction\",\"target\":[\"https:\/\/www.emboldcu.org\/blog\/announcements\/annual-meeting-and-petition-notice\/\"]}]},{\"@type\":\"ImageObject\",\"inLanguage\":\"es-ES\",\"@id\":\"https:\/\/www.emboldcu.org\/blog\/announcements\/annual-meeting-and-petition-notice\/#primaryimage\",\"url\":\"https:\/\/www.emboldcu.org\/wp-content\/uploads\/2020\/04\/Q1-Blog-post-Mt-Hood-Flower-2020.jpg\",\"contentUrl\":\"https:\/\/www.emboldcu.org\/wp-content\/uploads\/2020\/04\/Q1-Blog-post-Mt-Hood-Flower-2020.jpg\",\"width\":450,\"height\":300,\"caption\":\"mt hood photo\"},{\"@type\":\"BreadcrumbList\",\"@id\":\"https:\/\/www.emboldcu.org\/blog\/announcements\/annual-meeting-and-petition-notice\/#breadcrumb\",\"itemListElement\":[{\"@type\":\"ListItem\",\"position\":1,\"name\":\"Home\",\"item\":\"https:\/\/www.emboldcu.org\/\"},{\"@type\":\"ListItem\",\"position\":2,\"name\":\"Annual Meeting and Petition Notice\"}]},{\"@type\":\"WebSite\",\"@id\":\"https:\/\/www.emboldcu.org\/#website\",\"url\":\"https:\/\/www.emboldcu.org\/\",\"name\":\"Embold Credit Union\",\"description\":\"We\u2019ve got your back at Embold\",\"publisher\":{\"@id\":\"https:\/\/www.emboldcu.org\/#organization\"},\"potentialAction\":[{\"@type\":\"SearchAction\",\"target\":{\"@type\":\"EntryPoint\",\"urlTemplate\":\"https:\/\/www.emboldcu.org\/?s={search_term_string}\"},\"query-input\":{\"@type\":\"PropertyValueSpecification\",\"valueRequired\":true,\"valueName\":\"search_term_string\"}}],\"inLanguage\":\"es-ES\"},{\"@type\":\"Organization\",\"@id\":\"https:\/\/www.emboldcu.org\/#organization\",\"name\":\"Embold Credit Union\",\"url\":\"https:\/\/www.emboldcu.org\/\",\"logo\":{\"@type\":\"ImageObject\",\"inLanguage\":\"es-ES\",\"@id\":\"https:\/\/www.emboldcu.org\/#\/schema\/logo\/image\/\",\"url\":\"https:\/\/www.emboldcu.org\/wp-content\/uploads\/2023\/03\/Embold_XDI_Email_footer.jpg\",\"contentUrl\":\"https:\/\/www.emboldcu.org\/wp-content\/uploads\/2023\/03\/Embold_XDI_Email_footer.jpg\",\"width\":348,\"height\":179,\"caption\":\"Embold Credit Union\"},\"image\":{\"@id\":\"https:\/\/www.emboldcu.org\/#\/schema\/logo\/image\/\"},\"sameAs\":[\"https:\/\/www.facebook.com\/emboldcu\",\"https:\/\/x.com\/emboldcu\"]},{\"@type\":\"Person\",\"@id\":\"https:\/\/www.emboldcu.org\/#\/schema\/person\/b50ab7a54ab5f96cd42738688e12de29\",\"name\":\"hilary\",\"url\":\"https:\/\/www.emboldcu.org\/es\/blog\/author\/hilary\/\"}]}<\/script>\n<!-- \/ Yoast SEO Premium plugin. -->","yoast_head_json":{"title":"Annual Meeting and Petition Notice | Embold Credit Union","robots":{"index":"index","follow":"follow","max-snippet":"max-snippet:-1","max-image-preview":"max-image-preview:large","max-video-preview":"max-video-preview:-1"},"canonical":"https:\/\/www.emboldcu.org\/es\/blog\/announcements\/annual-meeting-and-petition-notice\/","og_locale":"es_ES","og_type":"article","og_title":"Annual Meeting and Petition Notice","og_description":"As a valued member of the Embold Credit Union, we are pleased to invite you to our\u00a02026 Annual Meeting, which will take place on\u00a0Wednesday, May 27, 2026, at 6:00 PM.\u2026 Read more","og_url":"https:\/\/www.emboldcu.org\/es\/blog\/announcements\/annual-meeting-and-petition-notice\/","og_site_name":"Embold Credit Union","article_publisher":"https:\/\/www.facebook.com\/emboldcu","article_published_time":"2026-04-22T14:21:25+00:00","article_modified_time":"2026-04-22T14:21:29+00:00","og_image":[{"width":450,"height":300,"url":"https:\/\/www.emboldcu.org\/wp-content\/uploads\/2020\/04\/Q1-Blog-post-Mt-Hood-Flower-2020.jpg","type":"image\/jpeg"}],"author":"hilary","twitter_card":"summary_large_image","twitter_creator":"@emboldcu","twitter_site":"@emboldcu","twitter_misc":{"Written by":"hilary","Est. reading time":"2 minutos"},"schema":{"@context":"https:\/\/schema.org","@graph":[{"@type":"Article","@id":"https:\/\/www.emboldcu.org\/blog\/announcements\/annual-meeting-and-petition-notice\/#article","isPartOf":{"@id":"https:\/\/www.emboldcu.org\/blog\/announcements\/annual-meeting-and-petition-notice\/"},"author":{"name":"hilary","@id":"https:\/\/www.emboldcu.org\/#\/schema\/person\/b50ab7a54ab5f96cd42738688e12de29"},"headline":"Annual Meeting and Petition Notice","datePublished":"2026-04-22T14:21:25+00:00","dateModified":"2026-04-22T14:21:29+00:00","mainEntityOfPage":{"@id":"https:\/\/www.emboldcu.org\/blog\/announcements\/annual-meeting-and-petition-notice\/"},"wordCount":320,"publisher":{"@id":"https:\/\/www.emboldcu.org\/#organization"},"image":{"@id":"https:\/\/www.emboldcu.org\/blog\/announcements\/annual-meeting-and-petition-notice\/#primaryimage"},"thumbnailUrl":"https:\/\/www.emboldcu.org\/wp-content\/uploads\/2020\/04\/Q1-Blog-post-Mt-Hood-Flower-2020.jpg","articleSection":["Announcements"],"inLanguage":"es-ES"},{"@type":"WebPage","@id":"https:\/\/www.emboldcu.org\/blog\/announcements\/annual-meeting-and-petition-notice\/","url":"https:\/\/www.emboldcu.org\/blog\/announcements\/annual-meeting-and-petition-notice\/","name":"Annual Meeting and Petition Notice | Embold Credit Union","isPartOf":{"@id":"https:\/\/www.emboldcu.org\/#website"},"primaryImageOfPage":{"@id":"https:\/\/www.emboldcu.org\/blog\/announcements\/annual-meeting-and-petition-notice\/#primaryimage"},"image":{"@id":"https:\/\/www.emboldcu.org\/blog\/announcements\/annual-meeting-and-petition-notice\/#primaryimage"},"thumbnailUrl":"https:\/\/www.emboldcu.org\/wp-content\/uploads\/2020\/04\/Q1-Blog-post-Mt-Hood-Flower-2020.jpg","datePublished":"2026-04-22T14:21:25+00:00","dateModified":"2026-04-22T14:21:29+00:00","breadcrumb":{"@id":"https:\/\/www.emboldcu.org\/blog\/announcements\/annual-meeting-and-petition-notice\/#breadcrumb"},"inLanguage":"es-ES","potentialAction":[{"@type":"ReadAction","target":["https:\/\/www.emboldcu.org\/blog\/announcements\/annual-meeting-and-petition-notice\/"]}]},{"@type":"ImageObject","inLanguage":"es-ES","@id":"https:\/\/www.emboldcu.org\/blog\/announcements\/annual-meeting-and-petition-notice\/#primaryimage","url":"https:\/\/www.emboldcu.org\/wp-content\/uploads\/2020\/04\/Q1-Blog-post-Mt-Hood-Flower-2020.jpg","contentUrl":"https:\/\/www.emboldcu.org\/wp-content\/uploads\/2020\/04\/Q1-Blog-post-Mt-Hood-Flower-2020.jpg","width":450,"height":300,"caption":"mt hood photo"},{"@type":"BreadcrumbList","@id":"https:\/\/www.emboldcu.org\/blog\/announcements\/annual-meeting-and-petition-notice\/#breadcrumb","itemListElement":[{"@type":"ListItem","position":1,"name":"Home","item":"https:\/\/www.emboldcu.org\/"},{"@type":"ListItem","position":2,"name":"Annual Meeting and Petition Notice"}]},{"@type":"WebSite","@id":"https:\/\/www.emboldcu.org\/#website","url":"https:\/\/www.emboldcu.org\/","name":"Cooperativa de cr\u00e9dito Embold","description":"En Embold te cubrimos las espaldas","publisher":{"@id":"https:\/\/www.emboldcu.org\/#organization"},"potentialAction":[{"@type":"SearchAction","target":{"@type":"EntryPoint","urlTemplate":"https:\/\/www.emboldcu.org\/?s={search_term_string}"},"query-input":{"@type":"PropertyValueSpecification","valueRequired":true,"valueName":"search_term_string"}}],"inLanguage":"es-ES"},{"@type":"Organization","@id":"https:\/\/www.emboldcu.org\/#organization","name":"Cooperativa de cr\u00e9dito Embold","url":"https:\/\/www.emboldcu.org\/","logo":{"@type":"ImageObject","inLanguage":"es-ES","@id":"https:\/\/www.emboldcu.org\/#\/schema\/logo\/image\/","url":"https:\/\/www.emboldcu.org\/wp-content\/uploads\/2023\/03\/Embold_XDI_Email_footer.jpg","contentUrl":"https:\/\/www.emboldcu.org\/wp-content\/uploads\/2023\/03\/Embold_XDI_Email_footer.jpg","width":348,"height":179,"caption":"Embold Credit Union"},"image":{"@id":"https:\/\/www.emboldcu.org\/#\/schema\/logo\/image\/"},"sameAs":["https:\/\/www.facebook.com\/emboldcu","https:\/\/x.com\/emboldcu"]},{"@type":"Person","@id":"https:\/\/www.emboldcu.org\/#\/schema\/person\/b50ab7a54ab5f96cd42738688e12de29","name":"Hilario","url":"https:\/\/www.emboldcu.org\/es\/blog\/author\/hilary\/"}]}},"_links":{"self":[{"href":"https:\/\/www.emboldcu.org\/es\/wp-json\/wp\/v2\/posts\/11276","targetHints":{"allow":["GET"]}}],"collection":[{"href":"https:\/\/www.emboldcu.org\/es\/wp-json\/wp\/v2\/posts"}],"about":[{"href":"https:\/\/www.emboldcu.org\/es\/wp-json\/wp\/v2\/types\/post"}],"author":[{"embeddable":true,"href":"https:\/\/www.emboldcu.org\/es\/wp-json\/wp\/v2\/users\/9"}],"replies":[{"embeddable":true,"href":"https:\/\/www.emboldcu.org\/es\/wp-json\/wp\/v2\/comments?post=11276"}],"version-history":[{"count":2,"href":"https:\/\/www.emboldcu.org\/es\/wp-json\/wp\/v2\/posts\/11276\/revisions"}],"predecessor-version":[{"id":11325,"href":"https:\/\/www.emboldcu.org\/es\/wp-json\/wp\/v2\/posts\/11276\/revisions\/11325"}],"wp:featuredmedia":[{"embeddable":true,"href":"https:\/\/www.emboldcu.org\/es\/wp-json\/wp\/v2\/media\/3696"}],"wp:attachment":[{"href":"https:\/\/www.emboldcu.org\/es\/wp-json\/wp\/v2\/media?parent=11276"}],"wp:term":[{"taxonomy":"category","embeddable":true,"href":"https:\/\/www.emboldcu.org\/es\/wp-json\/wp\/v2\/categories?post=11276"},{"taxonomy":"post_tag","embeddable":true,"href":"https:\/\/www.emboldcu.org\/es\/wp-json\/wp\/v2\/tags?post=11276"}],"curies":[{"name":"wp","href":"https:\/\/api.w.org\/{rel}","templated":true}]}}