{"id":2002,"date":"2019-04-18T09:51:57","date_gmt":"2019-04-18T16:51:57","guid":{"rendered":"https:\/\/clackamasdev22.wpengine.com\/?p=2002"},"modified":"2023-08-01T09:52:47","modified_gmt":"2023-08-01T16:52:47","slug":"youre-invited-to-our-2019-annual-meeting","status":"publish","type":"post","link":"https:\/\/www.emboldcu.org\/es\/blog\/announcements\/youre-invited-to-our-2019-annual-meeting\/","title":{"rendered":"\u00a1Est\u00e1s invitado a nuestra Reuni\u00f3n Anual 2019!"},"content":{"rendered":"<p>La reuni\u00f3n anual de 2019 se llevar\u00e1 a cabo el martes 28 de mayo a las 6:00 p. m. en la sucursal de McLoughlin. La Reuni\u00f3n Anual es nuestra forma de informar a los miembros c\u00f3mo nos fue en 2018.<\/p>\n<p>Todos los miembros son bienvenidos a asistir, \u00a1esperamos verlos all\u00ed! <a href=\"https:\/\/www.emboldcu.org\/es\/event\/2019-annual-meeting\/\">haga clic aqu\u00ed<\/a> para ver m\u00e1s detalles sobre el evento.<\/p>\n<p>Este a\u00f1o hay dos posiciones abiertas en la Junta Directiva. El Comit\u00e9 de Nominaciones, designado por el Presidente de la Junta, ha nominado a un miembro para cada uno de los dos puestos vacantes en la junta. No hubo nominaciones presentadas por petici\u00f3n. No habr\u00e1 nominaciones del pleno en la reuni\u00f3n anual y no se llevar\u00e1 a cabo una elecci\u00f3n donde el n\u00famero de nominados sea igual al n\u00famero de puestos ocupados. En tales casos, la elecci\u00f3n se declara por consentimiento general por aclamaci\u00f3n. Lea a continuaci\u00f3n para obtener m\u00e1s informaci\u00f3n sobre los nominados a la Junta Directiva de 2019.<\/p>\n<h4 style=\"text-align: center;\"><strong><span style=\"color: #451d3a;\">Nominados a la Junta Directiva 2019<\/span><\/strong><\/h4>\n<p><span style=\"color: #f9a01d;\">\u00bb <span style=\"color: #451d3a;\"><strong>Charlie Stinson, Titular<\/strong><\/span><\/span><\/p>\n<blockquote><p>Charlie aporta 25 a\u00f1os de experiencia gerencial y ejecutiva a la Junta. \u00c9l cree en las familias y en los negocios, apoya los servicios locales y es voluntario en muchas \u00e1reas diferentes. Es presidente de la Fundaci\u00f3n Rotaria de Canby y es miembro de la junta directiva de The Canby Center.<\/p><\/blockquote>\n<p><span style=\"color: #f9a01d;\">\u00bb<\/span> <span style=\"color: #451d3a;\"><strong>Geoff Horton, Titular<\/strong><\/span><\/p>\n<blockquote><p>Geoff es gerente s\u00e9nior de auditor\u00eda de Aldrich CPAs and Advisors, LLP. Antes de Aldrich, trabaj\u00f3 para una empresa de tecnolog\u00eda en su departamento de finanzas corporativas. Geoff presta servicios a una variedad de empresas locales que se especializan en las industrias de fabricaci\u00f3n, atenci\u00f3n m\u00e9dica y comunidades de jubilados. Geoff y su familia viven en Sherwood, y \u00e9l y su esposa disfrutan ser voluntarios en la escuela de sus hijos y entrenar a sus equipos.<\/p><\/blockquote>","protected":false},"excerpt":{"rendered":"<p>La reuni\u00f3n anual de 2019 se llevar\u00e1 a cabo el martes 28 de mayo a las 6:00 p. m. en la sucursal de McLoughlin. La Reuni\u00f3n Anual es nuestra forma de informar a los miembros c\u00f3mo\u2026 <a href=\"https:\/\/www.emboldcu.org\/es\/blog\/announcements\/youre-invited-to-our-2019-annual-meeting\/\">Lee mas<\/a><\/p>","protected":false},"author":9,"featured_media":1504,"comment_status":"closed","ping_status":"closed","sticky":false,"template":"","format":"standard","meta":{"_acf_changed":false,"footnotes":""},"categories":[8],"tags":[],"class_list":["post-2002","post","type-post","status-publish","format-standard","has-post-thumbnail","hentry","category-announcements"],"acf":[],"yoast_head":"<!-- This site is optimized with the Yoast SEO Premium plugin v27.2 (Yoast SEO v27.2) - https:\/\/yoast.com\/product\/yoast-seo-premium-wordpress\/ -->\n<title>You&#039;re invited to our 2019 Annual Meeting! | Embold Credit Union<\/title>\n<meta name=\"robots\" content=\"index, follow, max-snippet:-1, max-image-preview:large, max-video-preview:-1\" \/>\n<link rel=\"canonical\" href=\"https:\/\/www.emboldcu.org\/es\/blog\/announcements\/youre-invited-to-our-2019-annual-meeting\/\" \/>\n<meta property=\"og:locale\" content=\"es_ES\" \/>\n<meta property=\"og:type\" content=\"article\" \/>\n<meta property=\"og:title\" content=\"You&#039;re invited to our 2019 Annual Meeting!\" \/>\n<meta property=\"og:description\" content=\"The 2019 Annual Meeting will be held on Tuesday May 28th at 6:00 p.m. at the McLoughlin Branch. The Annual Meeting is our way of letting members know how we\u2026 Read more\" \/>\n<meta property=\"og:url\" content=\"https:\/\/www.emboldcu.org\/es\/blog\/announcements\/youre-invited-to-our-2019-annual-meeting\/\" \/>\n<meta property=\"og:site_name\" content=\"Embold Credit Union\" \/>\n<meta property=\"article:publisher\" content=\"https:\/\/www.facebook.com\/emboldcu\" \/>\n<meta property=\"article:published_time\" content=\"2019-04-18T16:51:57+00:00\" \/>\n<meta property=\"article:modified_time\" content=\"2023-08-01T16:52:47+00:00\" \/>\n<meta property=\"og:image\" content=\"https:\/\/www.emboldcu.org\/wp-content\/uploads\/2018\/03\/Forest-628248708-BlogImagery.jpg\" \/>\n\t<meta property=\"og:image:width\" content=\"450\" \/>\n\t<meta property=\"og:image:height\" content=\"300\" \/>\n\t<meta property=\"og:image:type\" content=\"image\/jpeg\" \/>\n<meta name=\"author\" content=\"hilary\" \/>\n<meta name=\"twitter:card\" content=\"summary_large_image\" \/>\n<meta name=\"twitter:creator\" content=\"@emboldcu\" \/>\n<meta name=\"twitter:site\" content=\"@emboldcu\" \/>\n<meta name=\"twitter:label1\" content=\"Written by\" \/>\n\t<meta name=\"twitter:data1\" content=\"hilary\" \/>\n\t<meta name=\"twitter:label2\" content=\"Est. reading time\" \/>\n\t<meta name=\"twitter:data2\" content=\"2 minutos\" \/>\n<script type=\"application\/ld+json\" class=\"yoast-schema-graph\">{\"@context\":\"https:\/\/schema.org\",\"@graph\":[{\"@type\":\"Article\",\"@id\":\"https:\/\/www.emboldcu.org\/blog\/announcements\/youre-invited-to-our-2019-annual-meeting\/#article\",\"isPartOf\":{\"@id\":\"https:\/\/www.emboldcu.org\/blog\/announcements\/youre-invited-to-our-2019-annual-meeting\/\"},\"author\":{\"name\":\"hilary\",\"@id\":\"https:\/\/www.emboldcu.org\/#\/schema\/person\/b50ab7a54ab5f96cd42738688e12de29\"},\"headline\":\"You&#8217;re invited to our 2019 Annual Meeting!\",\"datePublished\":\"2019-04-18T16:51:57+00:00\",\"dateModified\":\"2023-08-01T16:52:47+00:00\",\"mainEntityOfPage\":{\"@id\":\"https:\/\/www.emboldcu.org\/blog\/announcements\/youre-invited-to-our-2019-annual-meeting\/\"},\"wordCount\":267,\"publisher\":{\"@id\":\"https:\/\/www.emboldcu.org\/#organization\"},\"image\":{\"@id\":\"https:\/\/www.emboldcu.org\/blog\/announcements\/youre-invited-to-our-2019-annual-meeting\/#primaryimage\"},\"thumbnailUrl\":\"https:\/\/www.emboldcu.org\/wp-content\/uploads\/2018\/03\/Forest-628248708-BlogImagery.jpg\",\"articleSection\":[\"Announcements\"],\"inLanguage\":\"es-ES\"},{\"@type\":\"WebPage\",\"@id\":\"https:\/\/www.emboldcu.org\/blog\/announcements\/youre-invited-to-our-2019-annual-meeting\/\",\"url\":\"https:\/\/www.emboldcu.org\/blog\/announcements\/youre-invited-to-our-2019-annual-meeting\/\",\"name\":\"You're invited to our 2019 Annual Meeting! | Embold Credit Union\",\"isPartOf\":{\"@id\":\"https:\/\/www.emboldcu.org\/#website\"},\"primaryImageOfPage\":{\"@id\":\"https:\/\/www.emboldcu.org\/blog\/announcements\/youre-invited-to-our-2019-annual-meeting\/#primaryimage\"},\"image\":{\"@id\":\"https:\/\/www.emboldcu.org\/blog\/announcements\/youre-invited-to-our-2019-annual-meeting\/#primaryimage\"},\"thumbnailUrl\":\"https:\/\/www.emboldcu.org\/wp-content\/uploads\/2018\/03\/Forest-628248708-BlogImagery.jpg\",\"datePublished\":\"2019-04-18T16:51:57+00:00\",\"dateModified\":\"2023-08-01T16:52:47+00:00\",\"breadcrumb\":{\"@id\":\"https:\/\/www.emboldcu.org\/blog\/announcements\/youre-invited-to-our-2019-annual-meeting\/#breadcrumb\"},\"inLanguage\":\"es-ES\",\"potentialAction\":[{\"@type\":\"ReadAction\",\"target\":[\"https:\/\/www.emboldcu.org\/blog\/announcements\/youre-invited-to-our-2019-annual-meeting\/\"]}]},{\"@type\":\"ImageObject\",\"inLanguage\":\"es-ES\",\"@id\":\"https:\/\/www.emboldcu.org\/blog\/announcements\/youre-invited-to-our-2019-annual-meeting\/#primaryimage\",\"url\":\"https:\/\/www.emboldcu.org\/wp-content\/uploads\/2018\/03\/Forest-628248708-BlogImagery.jpg\",\"contentUrl\":\"https:\/\/www.emboldcu.org\/wp-content\/uploads\/2018\/03\/Forest-628248708-BlogImagery.jpg\",\"width\":450,\"height\":300,\"caption\":\"Informational Blog\"},{\"@type\":\"BreadcrumbList\",\"@id\":\"https:\/\/www.emboldcu.org\/blog\/announcements\/youre-invited-to-our-2019-annual-meeting\/#breadcrumb\",\"itemListElement\":[{\"@type\":\"ListItem\",\"position\":1,\"name\":\"Home\",\"item\":\"https:\/\/www.emboldcu.org\/\"},{\"@type\":\"ListItem\",\"position\":2,\"name\":\"You&#8217;re invited to our 2019 Annual Meeting!\"}]},{\"@type\":\"WebSite\",\"@id\":\"https:\/\/www.emboldcu.org\/#website\",\"url\":\"https:\/\/www.emboldcu.org\/\",\"name\":\"Embold Credit Union\",\"description\":\"We\u2019ve got your back at Embold\",\"publisher\":{\"@id\":\"https:\/\/www.emboldcu.org\/#organization\"},\"potentialAction\":[{\"@type\":\"SearchAction\",\"target\":{\"@type\":\"EntryPoint\",\"urlTemplate\":\"https:\/\/www.emboldcu.org\/?s={search_term_string}\"},\"query-input\":{\"@type\":\"PropertyValueSpecification\",\"valueRequired\":true,\"valueName\":\"search_term_string\"}}],\"inLanguage\":\"es-ES\"},{\"@type\":\"Organization\",\"@id\":\"https:\/\/www.emboldcu.org\/#organization\",\"name\":\"Embold Credit Union\",\"url\":\"https:\/\/www.emboldcu.org\/\",\"logo\":{\"@type\":\"ImageObject\",\"inLanguage\":\"es-ES\",\"@id\":\"https:\/\/www.emboldcu.org\/#\/schema\/logo\/image\/\",\"url\":\"https:\/\/www.emboldcu.org\/wp-content\/uploads\/2023\/03\/Embold_XDI_Email_footer.jpg\",\"contentUrl\":\"https:\/\/www.emboldcu.org\/wp-content\/uploads\/2023\/03\/Embold_XDI_Email_footer.jpg\",\"width\":348,\"height\":179,\"caption\":\"Embold Credit Union\"},\"image\":{\"@id\":\"https:\/\/www.emboldcu.org\/#\/schema\/logo\/image\/\"},\"sameAs\":[\"https:\/\/www.facebook.com\/emboldcu\",\"https:\/\/x.com\/emboldcu\"]},{\"@type\":\"Person\",\"@id\":\"https:\/\/www.emboldcu.org\/#\/schema\/person\/b50ab7a54ab5f96cd42738688e12de29\",\"name\":\"hilary\",\"url\":\"https:\/\/www.emboldcu.org\/es\/blog\/author\/hilary\/\"}]}<\/script>\n<!-- \/ Yoast SEO Premium plugin. -->","yoast_head_json":{"title":"\u00a1Est\u00e1s invitado a nuestra Reuni\u00f3n Anual 2019! | Embold Credit Union","robots":{"index":"index","follow":"follow","max-snippet":"max-snippet:-1","max-image-preview":"max-image-preview:large","max-video-preview":"max-video-preview:-1"},"canonical":"https:\/\/www.emboldcu.org\/es\/blog\/announcements\/youre-invited-to-our-2019-annual-meeting\/","og_locale":"es_ES","og_type":"article","og_title":"You're invited to our 2019 Annual Meeting!","og_description":"The 2019 Annual Meeting will be held on Tuesday May 28th at 6:00 p.m. at the McLoughlin Branch. The Annual Meeting is our way of letting members know how we\u2026 Read more","og_url":"https:\/\/www.emboldcu.org\/es\/blog\/announcements\/youre-invited-to-our-2019-annual-meeting\/","og_site_name":"Embold Credit Union","article_publisher":"https:\/\/www.facebook.com\/emboldcu","article_published_time":"2019-04-18T16:51:57+00:00","article_modified_time":"2023-08-01T16:52:47+00:00","og_image":[{"width":450,"height":300,"url":"https:\/\/www.emboldcu.org\/wp-content\/uploads\/2018\/03\/Forest-628248708-BlogImagery.jpg","type":"image\/jpeg"}],"author":"hilary","twitter_card":"summary_large_image","twitter_creator":"@emboldcu","twitter_site":"@emboldcu","twitter_misc":{"Written by":"hilary","Est. reading time":"2 minutos"},"schema":{"@context":"https:\/\/schema.org","@graph":[{"@type":"Article","@id":"https:\/\/www.emboldcu.org\/blog\/announcements\/youre-invited-to-our-2019-annual-meeting\/#article","isPartOf":{"@id":"https:\/\/www.emboldcu.org\/blog\/announcements\/youre-invited-to-our-2019-annual-meeting\/"},"author":{"name":"hilary","@id":"https:\/\/www.emboldcu.org\/#\/schema\/person\/b50ab7a54ab5f96cd42738688e12de29"},"headline":"You&#8217;re invited to our 2019 Annual Meeting!","datePublished":"2019-04-18T16:51:57+00:00","dateModified":"2023-08-01T16:52:47+00:00","mainEntityOfPage":{"@id":"https:\/\/www.emboldcu.org\/blog\/announcements\/youre-invited-to-our-2019-annual-meeting\/"},"wordCount":267,"publisher":{"@id":"https:\/\/www.emboldcu.org\/#organization"},"image":{"@id":"https:\/\/www.emboldcu.org\/blog\/announcements\/youre-invited-to-our-2019-annual-meeting\/#primaryimage"},"thumbnailUrl":"https:\/\/www.emboldcu.org\/wp-content\/uploads\/2018\/03\/Forest-628248708-BlogImagery.jpg","articleSection":["Announcements"],"inLanguage":"es-ES"},{"@type":"WebPage","@id":"https:\/\/www.emboldcu.org\/blog\/announcements\/youre-invited-to-our-2019-annual-meeting\/","url":"https:\/\/www.emboldcu.org\/blog\/announcements\/youre-invited-to-our-2019-annual-meeting\/","name":"\u00a1Est\u00e1s invitado a nuestra Reuni\u00f3n Anual 2019! | Embold Credit Union","isPartOf":{"@id":"https:\/\/www.emboldcu.org\/#website"},"primaryImageOfPage":{"@id":"https:\/\/www.emboldcu.org\/blog\/announcements\/youre-invited-to-our-2019-annual-meeting\/#primaryimage"},"image":{"@id":"https:\/\/www.emboldcu.org\/blog\/announcements\/youre-invited-to-our-2019-annual-meeting\/#primaryimage"},"thumbnailUrl":"https:\/\/www.emboldcu.org\/wp-content\/uploads\/2018\/03\/Forest-628248708-BlogImagery.jpg","datePublished":"2019-04-18T16:51:57+00:00","dateModified":"2023-08-01T16:52:47+00:00","breadcrumb":{"@id":"https:\/\/www.emboldcu.org\/blog\/announcements\/youre-invited-to-our-2019-annual-meeting\/#breadcrumb"},"inLanguage":"es-ES","potentialAction":[{"@type":"ReadAction","target":["https:\/\/www.emboldcu.org\/blog\/announcements\/youre-invited-to-our-2019-annual-meeting\/"]}]},{"@type":"ImageObject","inLanguage":"es-ES","@id":"https:\/\/www.emboldcu.org\/blog\/announcements\/youre-invited-to-our-2019-annual-meeting\/#primaryimage","url":"https:\/\/www.emboldcu.org\/wp-content\/uploads\/2018\/03\/Forest-628248708-BlogImagery.jpg","contentUrl":"https:\/\/www.emboldcu.org\/wp-content\/uploads\/2018\/03\/Forest-628248708-BlogImagery.jpg","width":450,"height":300,"caption":"Informational Blog"},{"@type":"BreadcrumbList","@id":"https:\/\/www.emboldcu.org\/blog\/announcements\/youre-invited-to-our-2019-annual-meeting\/#breadcrumb","itemListElement":[{"@type":"ListItem","position":1,"name":"Home","item":"https:\/\/www.emboldcu.org\/"},{"@type":"ListItem","position":2,"name":"You&#8217;re invited to our 2019 Annual Meeting!"}]},{"@type":"WebSite","@id":"https:\/\/www.emboldcu.org\/#website","url":"https:\/\/www.emboldcu.org\/","name":"Cooperativa de cr\u00e9dito Embold","description":"En Embold te cubrimos las espaldas","publisher":{"@id":"https:\/\/www.emboldcu.org\/#organization"},"potentialAction":[{"@type":"SearchAction","target":{"@type":"EntryPoint","urlTemplate":"https:\/\/www.emboldcu.org\/?s={search_term_string}"},"query-input":{"@type":"PropertyValueSpecification","valueRequired":true,"valueName":"search_term_string"}}],"inLanguage":"es-ES"},{"@type":"Organization","@id":"https:\/\/www.emboldcu.org\/#organization","name":"Cooperativa de cr\u00e9dito Embold","url":"https:\/\/www.emboldcu.org\/","logo":{"@type":"ImageObject","inLanguage":"es-ES","@id":"https:\/\/www.emboldcu.org\/#\/schema\/logo\/image\/","url":"https:\/\/www.emboldcu.org\/wp-content\/uploads\/2023\/03\/Embold_XDI_Email_footer.jpg","contentUrl":"https:\/\/www.emboldcu.org\/wp-content\/uploads\/2023\/03\/Embold_XDI_Email_footer.jpg","width":348,"height":179,"caption":"Embold Credit Union"},"image":{"@id":"https:\/\/www.emboldcu.org\/#\/schema\/logo\/image\/"},"sameAs":["https:\/\/www.facebook.com\/emboldcu","https:\/\/x.com\/emboldcu"]},{"@type":"Person","@id":"https:\/\/www.emboldcu.org\/#\/schema\/person\/b50ab7a54ab5f96cd42738688e12de29","name":"Hilario","url":"https:\/\/www.emboldcu.org\/es\/blog\/author\/hilary\/"}]}},"_links":{"self":[{"href":"https:\/\/www.emboldcu.org\/es\/wp-json\/wp\/v2\/posts\/2002","targetHints":{"allow":["GET"]}}],"collection":[{"href":"https:\/\/www.emboldcu.org\/es\/wp-json\/wp\/v2\/posts"}],"about":[{"href":"https:\/\/www.emboldcu.org\/es\/wp-json\/wp\/v2\/types\/post"}],"author":[{"embeddable":true,"href":"https:\/\/www.emboldcu.org\/es\/wp-json\/wp\/v2\/users\/9"}],"replies":[{"embeddable":true,"href":"https:\/\/www.emboldcu.org\/es\/wp-json\/wp\/v2\/comments?post=2002"}],"version-history":[{"count":1,"href":"https:\/\/www.emboldcu.org\/es\/wp-json\/wp\/v2\/posts\/2002\/revisions"}],"predecessor-version":[{"id":8725,"href":"https:\/\/www.emboldcu.org\/es\/wp-json\/wp\/v2\/posts\/2002\/revisions\/8725"}],"wp:featuredmedia":[{"embeddable":true,"href":"https:\/\/www.emboldcu.org\/es\/wp-json\/wp\/v2\/media\/1504"}],"wp:attachment":[{"href":"https:\/\/www.emboldcu.org\/es\/wp-json\/wp\/v2\/media?parent=2002"}],"wp:term":[{"taxonomy":"category","embeddable":true,"href":"https:\/\/www.emboldcu.org\/es\/wp-json\/wp\/v2\/categories?post=2002"},{"taxonomy":"post_tag","embeddable":true,"href":"https:\/\/www.emboldcu.org\/es\/wp-json\/wp\/v2\/tags?post=2002"}],"curies":[{"name":"wp","href":"https:\/\/api.w.org\/{rel}","templated":true}]}}