{"id":3540,"date":"2020-03-12T08:30:56","date_gmt":"2020-03-12T15:30:56","guid":{"rendered":"http:\/\/clackamasdev22.wpengine.com\/?p=3540"},"modified":"2023-08-01T09:56:41","modified_gmt":"2023-08-01T16:56:41","slug":"2020-board-of-directors-election-update","status":"publish","type":"post","link":"https:\/\/www.emboldcu.org\/es\/blog\/announcements\/2020-board-of-directors-election-update\/","title":{"rendered":"Actualizaci\u00f3n de las elecciones de la Junta Directiva de 2020"},"content":{"rendered":"<p class=\"BasicParagraph\" style=\"text-align: center;\" align=\"center\"><b><span style=\"font-size: 42.0pt; line-height: 120%; font-family: 'Open Sans',sans-serif; color: #441c39;\">Aviso de reuni\u00f3n anual<\/span><\/b><b><\/b><\/p>\n<p class=\"BasicParagraph\"><span style=\"font-size: 14.0pt; line-height: 120%; font-family: 'Open Sans',sans-serif; color: #494949;\">\u00a0<\/span><\/p>\n<p class=\"BasicParagraph\"><span style=\"font-size: 13.0pt; line-height: 120%; font-family: 'Open Sans',sans-serif; color: #494949;\">La reuni\u00f3n anual de 2020 se llevar\u00e1 a cabo el martes 26 de mayo a las 2:00 p. m. en la sucursal de McLoughlin. La reuni\u00f3n anual es nuestra forma de informar a los miembros c\u00f3mo nos fue en 2019. Todos los miembros est\u00e1n invitados a asistir, \u00a1esperamos verlos all\u00ed!<\/span><\/p>\n<p class=\"BasicParagraph\"><span style=\"font-size: 13.0pt; line-height: 120%; font-family: 'Open Sans',sans-serif; color: #494949;\">Este a\u00f1o hay tres puestos vacantes en la Junta Directiva. El Comit\u00e9 de Nominaciones, designado por el Presidente de la Junta, ha nominado a un miembro para cada uno de los tres puestos vacantes en la junta. <\/span><\/p>\n<p class=\"BasicParagraph\" style=\"text-align: center;\" align=\"center\"><b><span style=\"font-size: 17.0pt; line-height: 120%; font-family: 'Open Sans',sans-serif; color: #441c39;\">Nominados a la Junta Directiva 2020<\/span><\/b><b><\/b><span style=\"font-size: 15.0pt; line-height: 120%; font-family: 'Open Sans',sans-serif; color: #494949;\">\u00a0<\/span><\/p>\n<p class=\"BasicParagraph\"><span style=\"font-size: 15.0pt; line-height: 120%; font-family: 'Open Sans',sans-serif; color: #f9a01d;\">\u00bb<\/span> <b><span style=\"font-size: 13.0pt; line-height: 120%; font-family: 'Open Sans',sans-serif; color: #441c39;\">gordon huiras<\/span><\/b><i><span style=\"font-size: 13.0pt; line-height: 120%; font-family: 'Open Sans',sans-serif; color: #441c39;\">, Titular<\/span><\/i><i><\/i><\/p>\n<p class=\"BasicParagraph\" style=\"margin-left: 13.5pt;\"><span style=\"font-size: 13.0pt; line-height: 120%; font-family: 'Open Sans',sans-serif; color: #484848;\">Gordon, jefe de polic\u00eda jubilado de la ciudad de Oreg\u00f3n, comenz\u00f3 a trabajar como voluntario en la cooperativa de ahorro y cr\u00e9dito en 2001 en el Comit\u00e9 de Supervisi\u00f3n y se desempe\u00f1\u00f3 como presidente de la junta durante tres a\u00f1os. Es miembro vitalicio de la Asociaci\u00f3n de Jefes de Polic\u00eda de Oreg\u00f3n con una carrera de 31 a\u00f1os. \u00c9l y su esposa viven en Canby.<\/span><\/p>\n<p class=\"BasicParagraph\"><span style=\"font-size: 15.0pt; line-height: 120%; font-family: 'Open Sans',sans-serif; color: #f9a01d;\">\u00bb<\/span><b> <\/b><b><span style=\"font-size: 13.0pt; line-height: 120%; font-family: 'Open Sans',sans-serif; color: #441c39;\">dana se\u00f1or<\/span><\/b><span style=\"font-size: 13.0pt; line-height: 120%; font-family: 'Open Sans',sans-serif; color: #441c39;\">, <i>Titular<\/i><\/span><i><\/i><\/p>\n<p class=\"BasicParagraph\" style=\"margin-left: 13.5pt;\"><span style=\"font-size: 13.0pt; line-height: 120%; font-family: 'Open Sans',sans-serif; color: #494949;\">Dana, ex directora de salud p\u00fablica del condado de Clackamas y veterana empleada del condado durante 34 a\u00f1os, centr\u00f3 su carrera en la salud y la seguridad de los residentes del condado. Es voluntaria para el programa de Asistencia de Beneficios de Seguro de Salud para Personas Mayores (SHIBA) y ha sido miembro de la Junta Directiva de Clackamas desde 2004.<\/span><\/p>\n<p class=\"BasicParagraph\"><span style=\"font-size: 15.0pt; line-height: 120%; font-family: 'Open Sans',sans-serif; color: #f9a01d;\">\u00bb<\/span> <b><span style=\"font-size: 13.0pt; line-height: 120%; font-family: 'Open Sans',sans-serif; color: #441c39;\">Stacey Hubbard<\/span><\/b><i><span style=\"font-size: 13.0pt; line-height: 120%; font-family: 'Open Sans',sans-serif; color: #441c39;\">, Titular<\/span><\/i><i><\/i><\/p>\n<p class=\"BasicParagraph\" style=\"margin-left: 13.5pt;\">Stacey actualmente trabaja en la industria de Bienes Ra\u00edces y tiene 20 a\u00f1os de experiencia en instituciones financieras, incluidos m\u00e1s de 5 a\u00f1os en Clackamas Federal Credit Union. Tiene muchos a\u00f1os de experiencia como voluntaria, incluido el cargo de tesorera de Canby Rotary. Le gusta ayudar a otros a alcanzar sus metas y es una orgullosa residente de Oregon City.<\/p>\n<p class=\"BasicParagraph\" style=\"margin-left: 13.5pt;\"><span style=\"font-size: 13.0pt; line-height: 120%; font-family: 'Open Sans',sans-serif; color: #494949;\">Puede solicitar que se agregue su nombre a la lista de candidatos. Para hacerlo, debe presentar una petici\u00f3n oficial de nominaci\u00f3n ante el secretario de Clackamas Federal Credit Union a m\u00e1s tardar el 16 de abril de 2020 a las 5:00 p. miembros de la cooperativa de ahorro y cr\u00e9dito. Env\u00ede su solicitud por correo electr\u00f3nico a <\/span><u><span style=\"font-size: 13.0pt; line-height: 120%; font-family: 'Open Sans',sans-serif; color: #107eb0;\"><a href=\"mailto:secretary@clackamasfcu.org\">secretary@clackamasfcu.org<\/a><\/span><\/u><span style=\"font-size: 13.0pt; line-height: 120%; font-family: 'Open Sans',sans-serif; color: #494949;\"> o env\u00ede una solicitud por correo a:<\/span><\/p>\n<p class=\"BasicParagraph\" style=\"margin-left: 13.5pt;\"><b><span style=\"font-size: 13.0pt; line-height: 120%; font-family: 'Open Sans SemiBold',sans-serif; color: #494949;\">Uni\u00f3n de cr\u00e9dito federal de Clackamas<\/span><\/b><\/p>\n<p class=\"BasicParagraph\" style=\"margin-left: 13.5pt;\"><b><span style=\"font-size: 13.0pt; line-height: 120%; font-family: 'Open Sans SemiBold',sans-serif; color: #494949;\">secretario de la junta<\/span><\/b><\/p>\n<p class=\"BasicParagraph\" style=\"margin-left: 13.5pt;\"><b><span style=\"font-size: 13.0pt; line-height: 120%; font-family: 'Open Sans SemiBold',sans-serif; color: #494949;\">Apartado postal 2020<\/span><\/b><\/p>\n<p class=\"BasicParagraph\" style=\"margin-left: 13.5pt;\"><b><span style=\"font-size: 13.0pt; line-height: 120%; font-family: 'Open Sans SemiBold',sans-serif; color: #494949;\">Ciudad de Oreg\u00f3n, OR 97045<\/span><\/b><\/p>\n<p class=\"BasicParagraph\" style=\"margin-left: 13.5pt;\"><span style=\"font-size: 13.0pt; line-height: 120%; font-family: 'Open Sans',sans-serif; color: #494949;\">Si solo hay un nominado para cada puesto a cubrir, la elecci\u00f3n no se llevar\u00e1 a cabo y no habr\u00e1 nominaciones del pleno.<\/span><\/p>","protected":false},"excerpt":{"rendered":"<p>Aviso de la reuni\u00f3n anual La reuni\u00f3n anual de 2020 se llevar\u00e1 a cabo el martes 26 de mayo a las 2:00 p. m. en la sucursal de McLoughlin. La Reuni\u00f3n Anual es nuestra forma de dejar\u2026 <a href=\"https:\/\/www.emboldcu.org\/es\/blog\/announcements\/2020-board-of-directors-election-update\/\">Lee mas<\/a><\/p>","protected":false},"author":15,"featured_media":1504,"comment_status":"closed","ping_status":"closed","sticky":false,"template":"","format":"standard","meta":{"_acf_changed":false,"footnotes":""},"categories":[8],"tags":[],"class_list":["post-3540","post","type-post","status-publish","format-standard","has-post-thumbnail","hentry","category-announcements"],"acf":[],"yoast_head":"<!-- This site is optimized with the Yoast SEO Premium plugin v27.2 (Yoast SEO v27.2) - https:\/\/yoast.com\/product\/yoast-seo-premium-wordpress\/ -->\n<title>2020 Board of Directors Election Update | Embold Credit Union<\/title>\n<meta name=\"robots\" content=\"index, follow, max-snippet:-1, max-image-preview:large, max-video-preview:-1\" \/>\n<link rel=\"canonical\" href=\"https:\/\/www.emboldcu.org\/es\/blog\/announcements\/2020-board-of-directors-election-update\/\" \/>\n<meta property=\"og:locale\" content=\"es_ES\" \/>\n<meta property=\"og:type\" content=\"article\" \/>\n<meta property=\"og:title\" content=\"2020 Board of Directors Election Update\" \/>\n<meta property=\"og:description\" content=\"Annual Meeting Notice \u00a0 The 2020 Annual Meeting will be held on Tuesday May 26th at 2:00 p.m. at the McLoughlin Branch. The Annual Meeting is our way of letting\u2026 Read more\" \/>\n<meta property=\"og:url\" content=\"https:\/\/www.emboldcu.org\/es\/blog\/announcements\/2020-board-of-directors-election-update\/\" \/>\n<meta property=\"og:site_name\" content=\"Embold Credit Union\" \/>\n<meta property=\"article:publisher\" content=\"https:\/\/www.facebook.com\/emboldcu\" \/>\n<meta property=\"article:published_time\" content=\"2020-03-12T15:30:56+00:00\" \/>\n<meta property=\"article:modified_time\" content=\"2023-08-01T16:56:41+00:00\" \/>\n<meta property=\"og:image\" content=\"https:\/\/www.emboldcu.org\/wp-content\/uploads\/2018\/03\/Forest-628248708-BlogImagery.jpg\" \/>\n\t<meta property=\"og:image:width\" content=\"450\" \/>\n\t<meta property=\"og:image:height\" content=\"300\" \/>\n\t<meta property=\"og:image:type\" content=\"image\/jpeg\" \/>\n<meta name=\"author\" content=\"Daniel Koberstein\" \/>\n<meta name=\"twitter:card\" content=\"summary_large_image\" \/>\n<meta name=\"twitter:creator\" content=\"@emboldcu\" \/>\n<meta name=\"twitter:site\" content=\"@emboldcu\" \/>\n<meta name=\"twitter:label1\" content=\"Written by\" \/>\n\t<meta name=\"twitter:data1\" content=\"Daniel Koberstein\" \/>\n\t<meta name=\"twitter:label2\" content=\"Est. reading time\" \/>\n\t<meta name=\"twitter:data2\" content=\"2 minutos\" \/>\n<script type=\"application\/ld+json\" class=\"yoast-schema-graph\">{\"@context\":\"https:\/\/schema.org\",\"@graph\":[{\"@type\":\"Article\",\"@id\":\"https:\/\/www.emboldcu.org\/blog\/announcements\/2020-board-of-directors-election-update\/#article\",\"isPartOf\":{\"@id\":\"https:\/\/www.emboldcu.org\/blog\/announcements\/2020-board-of-directors-election-update\/\"},\"author\":{\"name\":\"Daniel Koberstein\",\"@id\":\"https:\/\/www.emboldcu.org\/#\/schema\/person\/16ead0f6aae4b4fb9e9defcc3870c2e8\"},\"headline\":\"2020 Board of Directors Election Update\",\"datePublished\":\"2020-03-12T15:30:56+00:00\",\"dateModified\":\"2023-08-01T16:56:41+00:00\",\"mainEntityOfPage\":{\"@id\":\"https:\/\/www.emboldcu.org\/blog\/announcements\/2020-board-of-directors-election-update\/\"},\"wordCount\":356,\"publisher\":{\"@id\":\"https:\/\/www.emboldcu.org\/#organization\"},\"image\":{\"@id\":\"https:\/\/www.emboldcu.org\/blog\/announcements\/2020-board-of-directors-election-update\/#primaryimage\"},\"thumbnailUrl\":\"https:\/\/www.emboldcu.org\/wp-content\/uploads\/2018\/03\/Forest-628248708-BlogImagery.jpg\",\"articleSection\":[\"Announcements\"],\"inLanguage\":\"es-ES\"},{\"@type\":\"WebPage\",\"@id\":\"https:\/\/www.emboldcu.org\/blog\/announcements\/2020-board-of-directors-election-update\/\",\"url\":\"https:\/\/www.emboldcu.org\/blog\/announcements\/2020-board-of-directors-election-update\/\",\"name\":\"2020 Board of Directors Election Update | Embold Credit Union\",\"isPartOf\":{\"@id\":\"https:\/\/www.emboldcu.org\/#website\"},\"primaryImageOfPage\":{\"@id\":\"https:\/\/www.emboldcu.org\/blog\/announcements\/2020-board-of-directors-election-update\/#primaryimage\"},\"image\":{\"@id\":\"https:\/\/www.emboldcu.org\/blog\/announcements\/2020-board-of-directors-election-update\/#primaryimage\"},\"thumbnailUrl\":\"https:\/\/www.emboldcu.org\/wp-content\/uploads\/2018\/03\/Forest-628248708-BlogImagery.jpg\",\"datePublished\":\"2020-03-12T15:30:56+00:00\",\"dateModified\":\"2023-08-01T16:56:41+00:00\",\"breadcrumb\":{\"@id\":\"https:\/\/www.emboldcu.org\/blog\/announcements\/2020-board-of-directors-election-update\/#breadcrumb\"},\"inLanguage\":\"es-ES\",\"potentialAction\":[{\"@type\":\"ReadAction\",\"target\":[\"https:\/\/www.emboldcu.org\/blog\/announcements\/2020-board-of-directors-election-update\/\"]}]},{\"@type\":\"ImageObject\",\"inLanguage\":\"es-ES\",\"@id\":\"https:\/\/www.emboldcu.org\/blog\/announcements\/2020-board-of-directors-election-update\/#primaryimage\",\"url\":\"https:\/\/www.emboldcu.org\/wp-content\/uploads\/2018\/03\/Forest-628248708-BlogImagery.jpg\",\"contentUrl\":\"https:\/\/www.emboldcu.org\/wp-content\/uploads\/2018\/03\/Forest-628248708-BlogImagery.jpg\",\"width\":450,\"height\":300,\"caption\":\"Informational Blog\"},{\"@type\":\"BreadcrumbList\",\"@id\":\"https:\/\/www.emboldcu.org\/blog\/announcements\/2020-board-of-directors-election-update\/#breadcrumb\",\"itemListElement\":[{\"@type\":\"ListItem\",\"position\":1,\"name\":\"Home\",\"item\":\"https:\/\/www.emboldcu.org\/\"},{\"@type\":\"ListItem\",\"position\":2,\"name\":\"2020 Board of Directors Election Update\"}]},{\"@type\":\"WebSite\",\"@id\":\"https:\/\/www.emboldcu.org\/#website\",\"url\":\"https:\/\/www.emboldcu.org\/\",\"name\":\"Embold Credit Union\",\"description\":\"We\u2019ve got your back at Embold\",\"publisher\":{\"@id\":\"https:\/\/www.emboldcu.org\/#organization\"},\"potentialAction\":[{\"@type\":\"SearchAction\",\"target\":{\"@type\":\"EntryPoint\",\"urlTemplate\":\"https:\/\/www.emboldcu.org\/?s={search_term_string}\"},\"query-input\":{\"@type\":\"PropertyValueSpecification\",\"valueRequired\":true,\"valueName\":\"search_term_string\"}}],\"inLanguage\":\"es-ES\"},{\"@type\":\"Organization\",\"@id\":\"https:\/\/www.emboldcu.org\/#organization\",\"name\":\"Embold Credit Union\",\"url\":\"https:\/\/www.emboldcu.org\/\",\"logo\":{\"@type\":\"ImageObject\",\"inLanguage\":\"es-ES\",\"@id\":\"https:\/\/www.emboldcu.org\/#\/schema\/logo\/image\/\",\"url\":\"https:\/\/www.emboldcu.org\/wp-content\/uploads\/2023\/03\/Embold_XDI_Email_footer.jpg\",\"contentUrl\":\"https:\/\/www.emboldcu.org\/wp-content\/uploads\/2023\/03\/Embold_XDI_Email_footer.jpg\",\"width\":348,\"height\":179,\"caption\":\"Embold Credit Union\"},\"image\":{\"@id\":\"https:\/\/www.emboldcu.org\/#\/schema\/logo\/image\/\"},\"sameAs\":[\"https:\/\/www.facebook.com\/emboldcu\",\"https:\/\/x.com\/emboldcu\"]},{\"@type\":\"Person\",\"@id\":\"https:\/\/www.emboldcu.org\/#\/schema\/person\/16ead0f6aae4b4fb9e9defcc3870c2e8\",\"name\":\"Daniel Koberstein\",\"url\":\"https:\/\/www.emboldcu.org\/es\/blog\/author\/daniel\/\"}]}<\/script>\n<!-- \/ Yoast SEO Premium plugin. -->","yoast_head_json":{"title":"Actualizaci\u00f3n de las elecciones a la Junta Directiva de 2020 | Embold Credit Union","robots":{"index":"index","follow":"follow","max-snippet":"max-snippet:-1","max-image-preview":"max-image-preview:large","max-video-preview":"max-video-preview:-1"},"canonical":"https:\/\/www.emboldcu.org\/es\/blog\/announcements\/2020-board-of-directors-election-update\/","og_locale":"es_ES","og_type":"article","og_title":"2020 Board of Directors Election Update","og_description":"Annual Meeting Notice \u00a0 The 2020 Annual Meeting will be held on Tuesday May 26th at 2:00 p.m. at the McLoughlin Branch. The Annual Meeting is our way of letting\u2026 Read more","og_url":"https:\/\/www.emboldcu.org\/es\/blog\/announcements\/2020-board-of-directors-election-update\/","og_site_name":"Embold Credit Union","article_publisher":"https:\/\/www.facebook.com\/emboldcu","article_published_time":"2020-03-12T15:30:56+00:00","article_modified_time":"2023-08-01T16:56:41+00:00","og_image":[{"width":450,"height":300,"url":"https:\/\/www.emboldcu.org\/wp-content\/uploads\/2018\/03\/Forest-628248708-BlogImagery.jpg","type":"image\/jpeg"}],"author":"Daniel Koberstein","twitter_card":"summary_large_image","twitter_creator":"@emboldcu","twitter_site":"@emboldcu","twitter_misc":{"Written by":"Daniel Koberstein","Est. reading time":"2 minutos"},"schema":{"@context":"https:\/\/schema.org","@graph":[{"@type":"Article","@id":"https:\/\/www.emboldcu.org\/blog\/announcements\/2020-board-of-directors-election-update\/#article","isPartOf":{"@id":"https:\/\/www.emboldcu.org\/blog\/announcements\/2020-board-of-directors-election-update\/"},"author":{"name":"Daniel Koberstein","@id":"https:\/\/www.emboldcu.org\/#\/schema\/person\/16ead0f6aae4b4fb9e9defcc3870c2e8"},"headline":"2020 Board of Directors Election Update","datePublished":"2020-03-12T15:30:56+00:00","dateModified":"2023-08-01T16:56:41+00:00","mainEntityOfPage":{"@id":"https:\/\/www.emboldcu.org\/blog\/announcements\/2020-board-of-directors-election-update\/"},"wordCount":356,"publisher":{"@id":"https:\/\/www.emboldcu.org\/#organization"},"image":{"@id":"https:\/\/www.emboldcu.org\/blog\/announcements\/2020-board-of-directors-election-update\/#primaryimage"},"thumbnailUrl":"https:\/\/www.emboldcu.org\/wp-content\/uploads\/2018\/03\/Forest-628248708-BlogImagery.jpg","articleSection":["Announcements"],"inLanguage":"es-ES"},{"@type":"WebPage","@id":"https:\/\/www.emboldcu.org\/blog\/announcements\/2020-board-of-directors-election-update\/","url":"https:\/\/www.emboldcu.org\/blog\/announcements\/2020-board-of-directors-election-update\/","name":"Actualizaci\u00f3n de las elecciones a la Junta Directiva de 2020 | Embold Credit Union","isPartOf":{"@id":"https:\/\/www.emboldcu.org\/#website"},"primaryImageOfPage":{"@id":"https:\/\/www.emboldcu.org\/blog\/announcements\/2020-board-of-directors-election-update\/#primaryimage"},"image":{"@id":"https:\/\/www.emboldcu.org\/blog\/announcements\/2020-board-of-directors-election-update\/#primaryimage"},"thumbnailUrl":"https:\/\/www.emboldcu.org\/wp-content\/uploads\/2018\/03\/Forest-628248708-BlogImagery.jpg","datePublished":"2020-03-12T15:30:56+00:00","dateModified":"2023-08-01T16:56:41+00:00","breadcrumb":{"@id":"https:\/\/www.emboldcu.org\/blog\/announcements\/2020-board-of-directors-election-update\/#breadcrumb"},"inLanguage":"es-ES","potentialAction":[{"@type":"ReadAction","target":["https:\/\/www.emboldcu.org\/blog\/announcements\/2020-board-of-directors-election-update\/"]}]},{"@type":"ImageObject","inLanguage":"es-ES","@id":"https:\/\/www.emboldcu.org\/blog\/announcements\/2020-board-of-directors-election-update\/#primaryimage","url":"https:\/\/www.emboldcu.org\/wp-content\/uploads\/2018\/03\/Forest-628248708-BlogImagery.jpg","contentUrl":"https:\/\/www.emboldcu.org\/wp-content\/uploads\/2018\/03\/Forest-628248708-BlogImagery.jpg","width":450,"height":300,"caption":"Informational Blog"},{"@type":"BreadcrumbList","@id":"https:\/\/www.emboldcu.org\/blog\/announcements\/2020-board-of-directors-election-update\/#breadcrumb","itemListElement":[{"@type":"ListItem","position":1,"name":"Home","item":"https:\/\/www.emboldcu.org\/"},{"@type":"ListItem","position":2,"name":"2020 Board of Directors Election Update"}]},{"@type":"WebSite","@id":"https:\/\/www.emboldcu.org\/#website","url":"https:\/\/www.emboldcu.org\/","name":"Cooperativa de cr\u00e9dito Embold","description":"En Embold te cubrimos las espaldas","publisher":{"@id":"https:\/\/www.emboldcu.org\/#organization"},"potentialAction":[{"@type":"SearchAction","target":{"@type":"EntryPoint","urlTemplate":"https:\/\/www.emboldcu.org\/?s={search_term_string}"},"query-input":{"@type":"PropertyValueSpecification","valueRequired":true,"valueName":"search_term_string"}}],"inLanguage":"es-ES"},{"@type":"Organization","@id":"https:\/\/www.emboldcu.org\/#organization","name":"Cooperativa de cr\u00e9dito Embold","url":"https:\/\/www.emboldcu.org\/","logo":{"@type":"ImageObject","inLanguage":"es-ES","@id":"https:\/\/www.emboldcu.org\/#\/schema\/logo\/image\/","url":"https:\/\/www.emboldcu.org\/wp-content\/uploads\/2023\/03\/Embold_XDI_Email_footer.jpg","contentUrl":"https:\/\/www.emboldcu.org\/wp-content\/uploads\/2023\/03\/Embold_XDI_Email_footer.jpg","width":348,"height":179,"caption":"Embold Credit Union"},"image":{"@id":"https:\/\/www.emboldcu.org\/#\/schema\/logo\/image\/"},"sameAs":["https:\/\/www.facebook.com\/emboldcu","https:\/\/x.com\/emboldcu"]},{"@type":"Person","@id":"https:\/\/www.emboldcu.org\/#\/schema\/person\/16ead0f6aae4b4fb9e9defcc3870c2e8","name":"daniel koberstein","url":"https:\/\/www.emboldcu.org\/es\/blog\/author\/daniel\/"}]}},"_links":{"self":[{"href":"https:\/\/www.emboldcu.org\/es\/wp-json\/wp\/v2\/posts\/3540","targetHints":{"allow":["GET"]}}],"collection":[{"href":"https:\/\/www.emboldcu.org\/es\/wp-json\/wp\/v2\/posts"}],"about":[{"href":"https:\/\/www.emboldcu.org\/es\/wp-json\/wp\/v2\/types\/post"}],"author":[{"embeddable":true,"href":"https:\/\/www.emboldcu.org\/es\/wp-json\/wp\/v2\/users\/15"}],"replies":[{"embeddable":true,"href":"https:\/\/www.emboldcu.org\/es\/wp-json\/wp\/v2\/comments?post=3540"}],"version-history":[{"count":2,"href":"https:\/\/www.emboldcu.org\/es\/wp-json\/wp\/v2\/posts\/3540\/revisions"}],"predecessor-version":[{"id":8745,"href":"https:\/\/www.emboldcu.org\/es\/wp-json\/wp\/v2\/posts\/3540\/revisions\/8745"}],"wp:featuredmedia":[{"embeddable":true,"href":"https:\/\/www.emboldcu.org\/es\/wp-json\/wp\/v2\/media\/1504"}],"wp:attachment":[{"href":"https:\/\/www.emboldcu.org\/es\/wp-json\/wp\/v2\/media?parent=3540"}],"wp:term":[{"taxonomy":"category","embeddable":true,"href":"https:\/\/www.emboldcu.org\/es\/wp-json\/wp\/v2\/categories?post=3540"},{"taxonomy":"post_tag","embeddable":true,"href":"https:\/\/www.emboldcu.org\/es\/wp-json\/wp\/v2\/tags?post=3540"}],"curies":[{"name":"wp","href":"https:\/\/api.w.org\/{rel}","templated":true}]}}