{"id":5193,"date":"2021-06-14T08:00:18","date_gmt":"2021-06-14T15:00:18","guid":{"rendered":"https:\/\/clackamasdev22.wpengine.com\/?p=5193"},"modified":"2023-08-01T10:04:04","modified_gmt":"2023-08-01T17:04:04","slug":"celebrating-juneteenth","status":"publish","type":"post","link":"https:\/\/www.emboldcu.org\/es\/blog\/announcements\/celebrating-juneteenth\/","title":{"rendered":"celebrando el diecinueve de junio"},"content":{"rendered":"<h4><strong>\u00bfQu\u00e9 es Juneteenth?<\/strong><\/h4>\n<p>Los afroamericanos esclavizados en Galveston, TX, se emanciparon el 19 de junio de 1865. En reconocimiento de este importante evento, las personas en ciudades y pueblos de los Estados Unidos ahora celebran la ocasi\u00f3n con celebraciones, desfiles y m\u00e1s.<\/p>\n<p>Clackamas se une a muchas otras organizaciones para honrar a Juneteenth al cerrar nuestras sucursales el <a href=\"https:\/\/www.emboldcu.org\/es\/events\/\">s\u00e1bado, 19 de junio de 2021<\/a>. Exploremos los or\u00edgenes de Juneteenth y c\u00f3mo se celebra hoy.<\/p>\n<h4><strong>\u00bfQu\u00e9 pas\u00f3 el 19 de junio?<\/strong><\/h4>\n<p>Si est\u00e1 familiarizado con la historia de la Guerra Civil, puede saber que la Proclamaci\u00f3n de Emancipaci\u00f3n, la orden ejecutiva que declara que &quot;todas las personas retenidas como esclavas&quot; ser\u00edan libres, fue firmada por el presidente Abraham Lincoln en 1863. Sin embargo, los esclavos en Galveston, TX , no se enter\u00f3 de la Proclamaci\u00f3n de Emancipaci\u00f3n hasta el 19 de junio de 1865. Este documento respondi\u00f3 a las oraciones y esperanzas de los esclavos de toda la naci\u00f3n, pero no todos sab\u00edan de su existencia. Los soldados de la Uni\u00f3n leer\u00edan copias del texto a los esclavos en las plantaciones de todo el Sur, difundiendo las maravillosas noticias de la libertad en los Estados Confederados.<\/p>\n<p>El 31 de enero de 1865, la Enmienda 13 aboli\u00f3 legalmente la esclavitud en los Estados Unidos. Menos de tres meses despu\u00e9s, el 9 de abril, el general confederado Robert E. Lee se rindi\u00f3 en Appomattox, Virginia. La Guerra Civil hab\u00eda terminado.<\/p>\n<p>Desafortunadamente, las noticias de estos desarrollos no hab\u00edan llegado a todas las plantaciones, por lo que muchos hombres y mujeres en el Sur todav\u00eda estaban esclavizados. Pasaron meses para que las buenas nuevas se extendieran de plantaci\u00f3n en plantaci\u00f3n hasta llegar a las partes m\u00e1s profundas del Sur.<\/p>\n<p>No fue sino hasta el 19 de junio que el mensaje de libertad finalmente lleg\u00f3 a Galveston, junto con 2000 soldados de la Uni\u00f3n. Los soldados compartieron la noticia de la Enmienda 13 y la rendici\u00f3n de Lee, declarando que los 250.000 negros esclavizados en el estado de Texas ahora eran libres. Desde entonces, el d\u00eda se conoce como el &quot;diecinueve de junio&quot; y se ha celebrado en todo el sur y m\u00e1s all\u00e1.<\/p>\n<h4><strong>\u00bfEs Juneteenth una fiesta nacional?<\/strong><\/h4>\n<p>El primer Juneteenth se celebr\u00f3 en Texas en 1866, justo un a\u00f1o despu\u00e9s de la emancipaci\u00f3n de los esclavos del estado. Las familias se reunieron para celebraciones y oraciones compartidas, y algunos hombres y mujeres liberados que se hab\u00edan mudado desde entonces hicieron una peregrinaci\u00f3n de regreso a Galveston.<\/p>\n<p>Las celebraciones continuaron extendi\u00e9ndose por el sur, donde las familias se reun\u00edan a\u00f1o tras a\u00f1o para compartir un momento de buena comida, recreaciones hist\u00f3ricas, canciones y m\u00e1s. Fue solo en la d\u00e9cada de 1920 que se conmemor\u00f3 el diecinueve de junio en el resto del pa\u00eds. En la d\u00e9cada de 1970, el d\u00eda disfrut\u00f3 de otro estallido de popularidad y, en el siglo XXI, Juneteenth se celebr\u00f3 en la mayor\u00eda de las ciudades importantes de los Estados Unidos.<\/p>\n<p>Hoy, aunque no es un feriado federal, Juneteenth es reconocido como un feriado estatal o ceremonial en 47 estados, incluido Oreg\u00f3n.<\/p>\n<h4><strong>\u00bfC\u00f3mo se celebra el diecinueve de junio?<\/strong><\/h4>\n<p>Juneteenth, a veces denominado D\u00eda de la Emancipaci\u00f3n o D\u00eda del Jubileo, es un d\u00eda para reconocer los horrores de la esclavitud y sus efectos persistentes y para celebrar los grandes avances que hemos dado como pa\u00eds hacia la igualdad racial y la libertad para todos.<\/p>\n<p>Aqu\u00ed hay algunas maneras en que puede celebrar cuando sea seguro reunirse nuevamente:<\/p>\n<ul>\n<li>Recreaci\u00f3n de escenas hist\u00f3ricas fundamentales.<\/li>\n<li>Visite un sitio hist\u00f3rico o museo<\/li>\n<li>Desfiles<\/li>\n<li>Festivales<\/li>\n<li>Actuaciones musicales<\/li>\n<li>Reuniones familiares<\/li>\n<li>Barbacoas de barrio<\/li>\n<\/ul>","protected":false},"excerpt":{"rendered":"<p>\u00bfQu\u00e9 es Juneteenth? Los afroamericanos esclavizados en Galveston, TX, fueron emancipados el 19 de junio de 1865. En reconocimiento de este importante evento, las personas en ciudades y pueblos de los Estados Unidos ahora... <a href=\"https:\/\/www.emboldcu.org\/es\/blog\/announcements\/celebrating-juneteenth\/\">Lee mas<\/a><\/p>","protected":false},"author":9,"featured_media":5194,"comment_status":"closed","ping_status":"closed","sticky":false,"template":"","format":"standard","meta":{"_acf_changed":false,"footnotes":""},"categories":[8],"tags":[],"class_list":["post-5193","post","type-post","status-publish","format-standard","has-post-thumbnail","hentry","category-announcements"],"acf":[],"yoast_head":"<!-- This site is optimized with the Yoast SEO Premium plugin v27.2 (Yoast SEO v27.2) - https:\/\/yoast.com\/product\/yoast-seo-premium-wordpress\/ -->\n<title>Celebrating Juneteenth | Embold Credit Union<\/title>\n<meta name=\"description\" content=\"Clackamas is joining many other organizations in honoring Juneteenth by closing our branches on Saturday, June 19th, 2021.\" \/>\n<meta name=\"robots\" content=\"index, follow, max-snippet:-1, max-image-preview:large, max-video-preview:-1\" \/>\n<link rel=\"canonical\" href=\"https:\/\/www.emboldcu.org\/es\/blog\/announcements\/celebrating-juneteenth\/\" \/>\n<meta property=\"og:locale\" content=\"es_ES\" \/>\n<meta property=\"og:type\" content=\"article\" \/>\n<meta property=\"og:title\" content=\"Celebrating Juneteenth\" \/>\n<meta property=\"og:description\" content=\"Clackamas is joining many other organizations in honoring Juneteenth by closing our branches on Saturday, June 19th, 2021.\" \/>\n<meta property=\"og:url\" content=\"https:\/\/www.emboldcu.org\/es\/blog\/announcements\/celebrating-juneteenth\/\" \/>\n<meta property=\"og:site_name\" content=\"Embold Credit Union\" \/>\n<meta property=\"article:publisher\" content=\"https:\/\/www.facebook.com\/emboldcu\" \/>\n<meta property=\"article:published_time\" content=\"2021-06-14T15:00:18+00:00\" \/>\n<meta property=\"article:modified_time\" content=\"2023-08-01T17:04:04+00:00\" \/>\n<meta property=\"og:image\" content=\"https:\/\/www.emboldcu.org\/wp-content\/uploads\/2021\/06\/JuneteenthPost.jpg\" \/>\n\t<meta property=\"og:image:width\" content=\"2560\" \/>\n\t<meta property=\"og:image:height\" content=\"1777\" \/>\n\t<meta property=\"og:image:type\" content=\"image\/jpeg\" \/>\n<meta name=\"author\" content=\"hilary\" \/>\n<meta name=\"twitter:card\" content=\"summary_large_image\" \/>\n<meta name=\"twitter:creator\" content=\"@emboldcu\" \/>\n<meta name=\"twitter:site\" content=\"@emboldcu\" \/>\n<meta name=\"twitter:label1\" content=\"Written by\" \/>\n\t<meta name=\"twitter:data1\" content=\"hilary\" \/>\n\t<meta name=\"twitter:label2\" content=\"Est. reading time\" \/>\n\t<meta name=\"twitter:data2\" content=\"3 minutos\" \/>\n<script type=\"application\/ld+json\" class=\"yoast-schema-graph\">{\"@context\":\"https:\/\/schema.org\",\"@graph\":[{\"@type\":\"Article\",\"@id\":\"https:\/\/www.emboldcu.org\/blog\/announcements\/celebrating-juneteenth\/#article\",\"isPartOf\":{\"@id\":\"https:\/\/www.emboldcu.org\/blog\/announcements\/celebrating-juneteenth\/\"},\"author\":{\"name\":\"hilary\",\"@id\":\"https:\/\/www.emboldcu.org\/#\/schema\/person\/b50ab7a54ab5f96cd42738688e12de29\"},\"headline\":\"Celebrating Juneteenth\",\"datePublished\":\"2021-06-14T15:00:18+00:00\",\"dateModified\":\"2023-08-01T17:04:04+00:00\",\"mainEntityOfPage\":{\"@id\":\"https:\/\/www.emboldcu.org\/blog\/announcements\/celebrating-juneteenth\/\"},\"wordCount\":524,\"publisher\":{\"@id\":\"https:\/\/www.emboldcu.org\/#organization\"},\"image\":{\"@id\":\"https:\/\/www.emboldcu.org\/blog\/announcements\/celebrating-juneteenth\/#primaryimage\"},\"thumbnailUrl\":\"https:\/\/www.emboldcu.org\/wp-content\/uploads\/2021\/06\/JuneteenthPost.jpg\",\"articleSection\":[\"Announcements\"],\"inLanguage\":\"es-ES\"},{\"@type\":\"WebPage\",\"@id\":\"https:\/\/www.emboldcu.org\/blog\/announcements\/celebrating-juneteenth\/\",\"url\":\"https:\/\/www.emboldcu.org\/blog\/announcements\/celebrating-juneteenth\/\",\"name\":\"Celebrating Juneteenth | Embold Credit Union\",\"isPartOf\":{\"@id\":\"https:\/\/www.emboldcu.org\/#website\"},\"primaryImageOfPage\":{\"@id\":\"https:\/\/www.emboldcu.org\/blog\/announcements\/celebrating-juneteenth\/#primaryimage\"},\"image\":{\"@id\":\"https:\/\/www.emboldcu.org\/blog\/announcements\/celebrating-juneteenth\/#primaryimage\"},\"thumbnailUrl\":\"https:\/\/www.emboldcu.org\/wp-content\/uploads\/2021\/06\/JuneteenthPost.jpg\",\"datePublished\":\"2021-06-14T15:00:18+00:00\",\"dateModified\":\"2023-08-01T17:04:04+00:00\",\"description\":\"Clackamas is joining many other organizations in honoring Juneteenth by closing our branches on Saturday, June 19th, 2021.\",\"breadcrumb\":{\"@id\":\"https:\/\/www.emboldcu.org\/blog\/announcements\/celebrating-juneteenth\/#breadcrumb\"},\"inLanguage\":\"es-ES\",\"potentialAction\":[{\"@type\":\"ReadAction\",\"target\":[\"https:\/\/www.emboldcu.org\/blog\/announcements\/celebrating-juneteenth\/\"]}]},{\"@type\":\"ImageObject\",\"inLanguage\":\"es-ES\",\"@id\":\"https:\/\/www.emboldcu.org\/blog\/announcements\/celebrating-juneteenth\/#primaryimage\",\"url\":\"https:\/\/www.emboldcu.org\/wp-content\/uploads\/2021\/06\/JuneteenthPost.jpg\",\"contentUrl\":\"https:\/\/www.emboldcu.org\/wp-content\/uploads\/2021\/06\/JuneteenthPost.jpg\",\"width\":2560,\"height\":1777,\"caption\":\"Celebrating Juneteenth\"},{\"@type\":\"BreadcrumbList\",\"@id\":\"https:\/\/www.emboldcu.org\/blog\/announcements\/celebrating-juneteenth\/#breadcrumb\",\"itemListElement\":[{\"@type\":\"ListItem\",\"position\":1,\"name\":\"Home\",\"item\":\"https:\/\/www.emboldcu.org\/\"},{\"@type\":\"ListItem\",\"position\":2,\"name\":\"Celebrating Juneteenth\"}]},{\"@type\":\"WebSite\",\"@id\":\"https:\/\/www.emboldcu.org\/#website\",\"url\":\"https:\/\/www.emboldcu.org\/\",\"name\":\"Embold Credit Union\",\"description\":\"We\u2019ve got your back at Embold\",\"publisher\":{\"@id\":\"https:\/\/www.emboldcu.org\/#organization\"},\"potentialAction\":[{\"@type\":\"SearchAction\",\"target\":{\"@type\":\"EntryPoint\",\"urlTemplate\":\"https:\/\/www.emboldcu.org\/?s={search_term_string}\"},\"query-input\":{\"@type\":\"PropertyValueSpecification\",\"valueRequired\":true,\"valueName\":\"search_term_string\"}}],\"inLanguage\":\"es-ES\"},{\"@type\":\"Organization\",\"@id\":\"https:\/\/www.emboldcu.org\/#organization\",\"name\":\"Embold Credit Union\",\"url\":\"https:\/\/www.emboldcu.org\/\",\"logo\":{\"@type\":\"ImageObject\",\"inLanguage\":\"es-ES\",\"@id\":\"https:\/\/www.emboldcu.org\/#\/schema\/logo\/image\/\",\"url\":\"https:\/\/www.emboldcu.org\/wp-content\/uploads\/2023\/03\/Embold_XDI_Email_footer.jpg\",\"contentUrl\":\"https:\/\/www.emboldcu.org\/wp-content\/uploads\/2023\/03\/Embold_XDI_Email_footer.jpg\",\"width\":348,\"height\":179,\"caption\":\"Embold Credit Union\"},\"image\":{\"@id\":\"https:\/\/www.emboldcu.org\/#\/schema\/logo\/image\/\"},\"sameAs\":[\"https:\/\/www.facebook.com\/emboldcu\",\"https:\/\/x.com\/emboldcu\"]},{\"@type\":\"Person\",\"@id\":\"https:\/\/www.emboldcu.org\/#\/schema\/person\/b50ab7a54ab5f96cd42738688e12de29\",\"name\":\"hilary\",\"url\":\"https:\/\/www.emboldcu.org\/es\/blog\/author\/hilary\/\"}]}<\/script>\n<!-- \/ Yoast SEO Premium plugin. -->","yoast_head_json":{"title":"Celebraci\u00f3n de Juneteenth | Embold Credit Union","description":"Clackamas se une a muchas otras organizaciones para honrar el Juneteenth cerrando nuestras sucursales el s\u00e1bado 19 de junio de 2021.","robots":{"index":"index","follow":"follow","max-snippet":"max-snippet:-1","max-image-preview":"max-image-preview:large","max-video-preview":"max-video-preview:-1"},"canonical":"https:\/\/www.emboldcu.org\/es\/blog\/announcements\/celebrating-juneteenth\/","og_locale":"es_ES","og_type":"article","og_title":"Celebrating Juneteenth","og_description":"Clackamas is joining many other organizations in honoring Juneteenth by closing our branches on Saturday, June 19th, 2021.","og_url":"https:\/\/www.emboldcu.org\/es\/blog\/announcements\/celebrating-juneteenth\/","og_site_name":"Embold Credit Union","article_publisher":"https:\/\/www.facebook.com\/emboldcu","article_published_time":"2021-06-14T15:00:18+00:00","article_modified_time":"2023-08-01T17:04:04+00:00","og_image":[{"width":2560,"height":1777,"url":"https:\/\/www.emboldcu.org\/wp-content\/uploads\/2021\/06\/JuneteenthPost.jpg","type":"image\/jpeg"}],"author":"hilary","twitter_card":"summary_large_image","twitter_creator":"@emboldcu","twitter_site":"@emboldcu","twitter_misc":{"Written by":"hilary","Est. reading time":"3 minutos"},"schema":{"@context":"https:\/\/schema.org","@graph":[{"@type":"Article","@id":"https:\/\/www.emboldcu.org\/blog\/announcements\/celebrating-juneteenth\/#article","isPartOf":{"@id":"https:\/\/www.emboldcu.org\/blog\/announcements\/celebrating-juneteenth\/"},"author":{"name":"hilary","@id":"https:\/\/www.emboldcu.org\/#\/schema\/person\/b50ab7a54ab5f96cd42738688e12de29"},"headline":"Celebrating Juneteenth","datePublished":"2021-06-14T15:00:18+00:00","dateModified":"2023-08-01T17:04:04+00:00","mainEntityOfPage":{"@id":"https:\/\/www.emboldcu.org\/blog\/announcements\/celebrating-juneteenth\/"},"wordCount":524,"publisher":{"@id":"https:\/\/www.emboldcu.org\/#organization"},"image":{"@id":"https:\/\/www.emboldcu.org\/blog\/announcements\/celebrating-juneteenth\/#primaryimage"},"thumbnailUrl":"https:\/\/www.emboldcu.org\/wp-content\/uploads\/2021\/06\/JuneteenthPost.jpg","articleSection":["Announcements"],"inLanguage":"es-ES"},{"@type":"WebPage","@id":"https:\/\/www.emboldcu.org\/blog\/announcements\/celebrating-juneteenth\/","url":"https:\/\/www.emboldcu.org\/blog\/announcements\/celebrating-juneteenth\/","name":"Celebraci\u00f3n de Juneteenth | Embold Credit Union","isPartOf":{"@id":"https:\/\/www.emboldcu.org\/#website"},"primaryImageOfPage":{"@id":"https:\/\/www.emboldcu.org\/blog\/announcements\/celebrating-juneteenth\/#primaryimage"},"image":{"@id":"https:\/\/www.emboldcu.org\/blog\/announcements\/celebrating-juneteenth\/#primaryimage"},"thumbnailUrl":"https:\/\/www.emboldcu.org\/wp-content\/uploads\/2021\/06\/JuneteenthPost.jpg","datePublished":"2021-06-14T15:00:18+00:00","dateModified":"2023-08-01T17:04:04+00:00","description":"Clackamas se une a muchas otras organizaciones para honrar el Juneteenth cerrando nuestras sucursales el s\u00e1bado 19 de junio de 2021.","breadcrumb":{"@id":"https:\/\/www.emboldcu.org\/blog\/announcements\/celebrating-juneteenth\/#breadcrumb"},"inLanguage":"es-ES","potentialAction":[{"@type":"ReadAction","target":["https:\/\/www.emboldcu.org\/blog\/announcements\/celebrating-juneteenth\/"]}]},{"@type":"ImageObject","inLanguage":"es-ES","@id":"https:\/\/www.emboldcu.org\/blog\/announcements\/celebrating-juneteenth\/#primaryimage","url":"https:\/\/www.emboldcu.org\/wp-content\/uploads\/2021\/06\/JuneteenthPost.jpg","contentUrl":"https:\/\/www.emboldcu.org\/wp-content\/uploads\/2021\/06\/JuneteenthPost.jpg","width":2560,"height":1777,"caption":"Celebrating Juneteenth"},{"@type":"BreadcrumbList","@id":"https:\/\/www.emboldcu.org\/blog\/announcements\/celebrating-juneteenth\/#breadcrumb","itemListElement":[{"@type":"ListItem","position":1,"name":"Home","item":"https:\/\/www.emboldcu.org\/"},{"@type":"ListItem","position":2,"name":"Celebrating Juneteenth"}]},{"@type":"WebSite","@id":"https:\/\/www.emboldcu.org\/#website","url":"https:\/\/www.emboldcu.org\/","name":"Cooperativa de cr\u00e9dito Embold","description":"En Embold te cubrimos las espaldas","publisher":{"@id":"https:\/\/www.emboldcu.org\/#organization"},"potentialAction":[{"@type":"SearchAction","target":{"@type":"EntryPoint","urlTemplate":"https:\/\/www.emboldcu.org\/?s={search_term_string}"},"query-input":{"@type":"PropertyValueSpecification","valueRequired":true,"valueName":"search_term_string"}}],"inLanguage":"es-ES"},{"@type":"Organization","@id":"https:\/\/www.emboldcu.org\/#organization","name":"Cooperativa de cr\u00e9dito Embold","url":"https:\/\/www.emboldcu.org\/","logo":{"@type":"ImageObject","inLanguage":"es-ES","@id":"https:\/\/www.emboldcu.org\/#\/schema\/logo\/image\/","url":"https:\/\/www.emboldcu.org\/wp-content\/uploads\/2023\/03\/Embold_XDI_Email_footer.jpg","contentUrl":"https:\/\/www.emboldcu.org\/wp-content\/uploads\/2023\/03\/Embold_XDI_Email_footer.jpg","width":348,"height":179,"caption":"Embold Credit Union"},"image":{"@id":"https:\/\/www.emboldcu.org\/#\/schema\/logo\/image\/"},"sameAs":["https:\/\/www.facebook.com\/emboldcu","https:\/\/x.com\/emboldcu"]},{"@type":"Person","@id":"https:\/\/www.emboldcu.org\/#\/schema\/person\/b50ab7a54ab5f96cd42738688e12de29","name":"Hilario","url":"https:\/\/www.emboldcu.org\/es\/blog\/author\/hilary\/"}]}},"_links":{"self":[{"href":"https:\/\/www.emboldcu.org\/es\/wp-json\/wp\/v2\/posts\/5193","targetHints":{"allow":["GET"]}}],"collection":[{"href":"https:\/\/www.emboldcu.org\/es\/wp-json\/wp\/v2\/posts"}],"about":[{"href":"https:\/\/www.emboldcu.org\/es\/wp-json\/wp\/v2\/types\/post"}],"author":[{"embeddable":true,"href":"https:\/\/www.emboldcu.org\/es\/wp-json\/wp\/v2\/users\/9"}],"replies":[{"embeddable":true,"href":"https:\/\/www.emboldcu.org\/es\/wp-json\/wp\/v2\/comments?post=5193"}],"version-history":[{"count":1,"href":"https:\/\/www.emboldcu.org\/es\/wp-json\/wp\/v2\/posts\/5193\/revisions"}],"predecessor-version":[{"id":8785,"href":"https:\/\/www.emboldcu.org\/es\/wp-json\/wp\/v2\/posts\/5193\/revisions\/8785"}],"wp:featuredmedia":[{"embeddable":true,"href":"https:\/\/www.emboldcu.org\/es\/wp-json\/wp\/v2\/media\/5194"}],"wp:attachment":[{"href":"https:\/\/www.emboldcu.org\/es\/wp-json\/wp\/v2\/media?parent=5193"}],"wp:term":[{"taxonomy":"category","embeddable":true,"href":"https:\/\/www.emboldcu.org\/es\/wp-json\/wp\/v2\/categories?post=5193"},{"taxonomy":"post_tag","embeddable":true,"href":"https:\/\/www.emboldcu.org\/es\/wp-json\/wp\/v2\/tags?post=5193"}],"curies":[{"name":"wp","href":"https:\/\/api.w.org\/{rel}","templated":true}]}}