{"id":5696,"date":"2023-04-23T08:00:57","date_gmt":"2023-04-23T15:00:57","guid":{"rendered":"https:\/\/clackamasdev22.wpengine.com\/?p=5696"},"modified":"2023-05-10T11:25:33","modified_gmt":"2023-05-10T18:25:33","slug":"annual-meeting-notice-2023","status":"publish","type":"post","link":"https:\/\/www.emboldcu.org\/es\/blog\/announcements\/annual-meeting-notice-2023\/","title":{"rendered":"Aviso de la reuni\u00f3n anual de 2023"},"content":{"rendered":"<h3 style=\"background: white; vertical-align: baseline; margin: 0in 0in 12.0pt 0in;\"><span style=\"font-family: 'Arial',sans-serif; color: #002a3a;\">La Reuni\u00f3n Anual 2023 de los miembros de Embold Credit Union se llevar\u00e1 a cabo el martes 23 de mayo de 2023 a las 6:00 p. m. en el edificio de nuestra sede ubicado en 15099 SE McLoughlin Boulevard en Oak Grove. Tambi\u00e9n transmitiremos en vivo en l\u00ednea a trav\u00e9s de <a href=\"https:\/\/emboldcu-org.zoom.us\/webinar\/register\/WN_COVfG6U8Tp2Frg0CXhRopg#\/registration\">Seminario web Zoom<\/a>. Vea los detalles completos del evento en nuestro <a href=\"https:\/\/www.emboldcu.org\/es\/event\/2023-annual-meeting\/\">p\u00e1gina de eventos<\/a>.<\/span><\/h3>\n<p style=\"background: white; vertical-align: baseline; margin: 0in 0in 12.0pt 0in;\"><span style=\"font-family: 'Arial',sans-serif; color: #002a3a;\">Este a\u00f1o hay tres puestos vacantes en la Junta Directiva. El Comit\u00e9 de Nominaciones, designado por el Presidente de la Junta, ha nominado a un miembro para cada uno de los tres puestos vacantes en la junta. No hubo nominaciones presentadas por petici\u00f3n. No habr\u00e1 nominaciones del pleno en la reuni\u00f3n anual y no se llevar\u00e1 a cabo una elecci\u00f3n donde el n\u00famero de nominados sea igual al n\u00famero de peticiones presentadas. En tales casos, la elecci\u00f3n se declara por consentimiento general por aclamaci\u00f3n. <\/span><\/p>\n<p style=\"background: white; vertical-align: baseline; margin: 0in 0in 12.0pt 0in;\"><span style=\"font-family: 'Arial',sans-serif; color: #002a3a;\">Los nominados son los siguientes:<\/span><\/p>\n<p><em><strong>Dana Lord, Titular<\/strong> \u2013\u00a0<\/em>Dana, ex directora de salud p\u00fablica del condado de Clackamas y empleada del condado durante 34 a\u00f1os, centr\u00f3 su carrera en la salud y la seguridad de los residentes del condado. Es voluntaria de AARP Tax Aide para personas mayores y residentes de bajos ingresos del \u00e1rea metropolitana y disfruta viajar y estar al aire libre. Se ha desempe\u00f1ado como presidenta de la junta y ha estado en la junta directiva de Embold desde 2004. Dana y su esposo viven en la zona rural del condado de Clackamas, cerca de Estacada.<\/p>\n<p><em><strong>Stacey Hubbard, Titular<\/strong> \u2013\u00a0<\/em>Stacey actualmente trabaja en la industria de bienes ra\u00edces y tiene 20 a\u00f1os de experiencia en instituciones financieras, incluidos m\u00e1s de cinco a\u00f1os como empleada en Embold Credit Union. Ha sido miembro de la Junta Directiva de Embold desde 2018. Tiene muchos a\u00f1os de experiencia como voluntaria, incluido el cargo de tesorera de Canby Rotary. Le gusta ayudar a otros a alcanzar sus metas y es una orgullosa residente de Oregon City.<\/p>\n<p><strong><em>Lesley Brown Albright, candidata<\/em><\/strong>\u00a0\u2013 Lesley es Directora de Desarrollo Comercial de Nonstop Administration and Insurance Services Inc. Le apasiona construir relaciones y empoderar a otros a trav\u00e9s de la comunicaci\u00f3n, la risa y la empat\u00eda radical. Lesley fomenta las sociedades de asociaci\u00f3n actuales de Nonstop, mientras busca a otros para impulsar el crecimiento empresarial basado en la misi\u00f3n. Se ha desempe\u00f1ado en una Junta de Liderazgo sin fines de lucro y actualmente dedica tiempo a eventos locales de recaudaci\u00f3n de fondos sin fines de lucro que benefician a las poblaciones en riesgo y abogan por el acceso equitativo a la atenci\u00f3n m\u00e9dica para todos. Lesley se ha desempe\u00f1ado como miembro asociado de la junta desde 2022.<\/p>","protected":false},"excerpt":{"rendered":"<p>La Reuni\u00f3n Anual 2023 de los miembros de Embold Credit Union se llevar\u00e1 a cabo el martes 23 de mayo de 2023 a las 6:00 p. m. en el edificio de nuestra sede ubicado en 15099 SE McLoughlin Boulevard... <a href=\"https:\/\/www.emboldcu.org\/es\/blog\/announcements\/annual-meeting-notice-2023\/\">Lee mas<\/a><\/p>","protected":false},"author":9,"featured_media":1548,"comment_status":"closed","ping_status":"closed","sticky":false,"template":"","format":"standard","meta":{"_acf_changed":false,"footnotes":""},"categories":[8],"tags":[],"class_list":["post-5696","post","type-post","status-publish","format-standard","has-post-thumbnail","hentry","category-announcements"],"acf":[],"yoast_head":"<!-- This site is optimized with the Yoast SEO Premium plugin v27.2 (Yoast SEO v27.2) - https:\/\/yoast.com\/product\/yoast-seo-premium-wordpress\/ -->\n<title>Annual Meeting Notice - Clackamas Federal Credit Union<\/title>\n<meta name=\"description\" content=\"The 2018 Annual Meeting will be held on Tuesday May 22, 2018 at 2:00 p.m. at the McLoughlin Branch.\" \/>\n<meta name=\"robots\" content=\"index, follow, max-snippet:-1, max-image-preview:large, max-video-preview:-1\" \/>\n<link rel=\"canonical\" href=\"https:\/\/www.emboldcu.org\/es\/blog\/announcements\/annual-meeting-notice-2023\/\" \/>\n<meta property=\"og:locale\" content=\"es_ES\" \/>\n<meta property=\"og:type\" content=\"article\" \/>\n<meta property=\"og:title\" content=\"2023 Annual Meeting Notice\" \/>\n<meta property=\"og:description\" content=\"The 2018 Annual Meeting will be held on Tuesday May 22, 2018 at 2:00 p.m. at the McLoughlin Branch.\" \/>\n<meta property=\"og:url\" content=\"https:\/\/www.emboldcu.org\/es\/blog\/announcements\/annual-meeting-notice-2023\/\" \/>\n<meta property=\"og:site_name\" content=\"Embold Credit Union\" \/>\n<meta property=\"article:publisher\" content=\"https:\/\/www.facebook.com\/emboldcu\" \/>\n<meta property=\"article:published_time\" content=\"2023-04-23T15:00:57+00:00\" \/>\n<meta property=\"article:modified_time\" content=\"2023-05-10T18:25:33+00:00\" \/>\n<meta property=\"og:image\" content=\"https:\/\/www.emboldcu.org\/wp-content\/uploads\/2018\/04\/Mount-Hood-504370128-Blog.jpg\" \/>\n\t<meta property=\"og:image:width\" content=\"450\" \/>\n\t<meta property=\"og:image:height\" content=\"300\" \/>\n\t<meta property=\"og:image:type\" content=\"image\/jpeg\" \/>\n<meta name=\"author\" content=\"hilary\" \/>\n<meta name=\"twitter:card\" content=\"summary_large_image\" \/>\n<meta name=\"twitter:creator\" content=\"@emboldcu\" \/>\n<meta name=\"twitter:site\" content=\"@emboldcu\" \/>\n<meta name=\"twitter:label1\" content=\"Written by\" \/>\n\t<meta name=\"twitter:data1\" content=\"hilary\" \/>\n\t<meta name=\"twitter:label2\" content=\"Est. reading time\" \/>\n\t<meta name=\"twitter:data2\" content=\"2 minutos\" \/>\n<script type=\"application\/ld+json\" class=\"yoast-schema-graph\">{\"@context\":\"https:\/\/schema.org\",\"@graph\":[{\"@type\":\"Article\",\"@id\":\"https:\/\/www.emboldcu.org\/blog\/announcements\/annual-meeting-notice-2023\/#article\",\"isPartOf\":{\"@id\":\"https:\/\/www.emboldcu.org\/blog\/announcements\/annual-meeting-notice-2023\/\"},\"author\":{\"name\":\"hilary\",\"@id\":\"https:\/\/www.emboldcu.org\/#\/schema\/person\/b50ab7a54ab5f96cd42738688e12de29\"},\"headline\":\"2023 Annual Meeting Notice\",\"datePublished\":\"2023-04-23T15:00:57+00:00\",\"dateModified\":\"2023-05-10T18:25:33+00:00\",\"mainEntityOfPage\":{\"@id\":\"https:\/\/www.emboldcu.org\/blog\/announcements\/annual-meeting-notice-2023\/\"},\"wordCount\":363,\"publisher\":{\"@id\":\"https:\/\/www.emboldcu.org\/#organization\"},\"image\":{\"@id\":\"https:\/\/www.emboldcu.org\/blog\/announcements\/annual-meeting-notice-2023\/#primaryimage\"},\"thumbnailUrl\":\"https:\/\/www.emboldcu.org\/wp-content\/uploads\/2018\/04\/Mount-Hood-504370128-Blog.jpg\",\"articleSection\":[\"Announcements\"],\"inLanguage\":\"es-ES\"},{\"@type\":\"WebPage\",\"@id\":\"https:\/\/www.emboldcu.org\/blog\/announcements\/annual-meeting-notice-2023\/\",\"url\":\"https:\/\/www.emboldcu.org\/blog\/announcements\/annual-meeting-notice-2023\/\",\"name\":\"Annual Meeting Notice - Clackamas Federal Credit Union\",\"isPartOf\":{\"@id\":\"https:\/\/www.emboldcu.org\/#website\"},\"primaryImageOfPage\":{\"@id\":\"https:\/\/www.emboldcu.org\/blog\/announcements\/annual-meeting-notice-2023\/#primaryimage\"},\"image\":{\"@id\":\"https:\/\/www.emboldcu.org\/blog\/announcements\/annual-meeting-notice-2023\/#primaryimage\"},\"thumbnailUrl\":\"https:\/\/www.emboldcu.org\/wp-content\/uploads\/2018\/04\/Mount-Hood-504370128-Blog.jpg\",\"datePublished\":\"2023-04-23T15:00:57+00:00\",\"dateModified\":\"2023-05-10T18:25:33+00:00\",\"description\":\"The 2018 Annual Meeting will be held on Tuesday May 22, 2018 at 2:00 p.m. at the McLoughlin Branch.\",\"breadcrumb\":{\"@id\":\"https:\/\/www.emboldcu.org\/blog\/announcements\/annual-meeting-notice-2023\/#breadcrumb\"},\"inLanguage\":\"es-ES\",\"potentialAction\":[{\"@type\":\"ReadAction\",\"target\":[\"https:\/\/www.emboldcu.org\/blog\/announcements\/annual-meeting-notice-2023\/\"]}]},{\"@type\":\"ImageObject\",\"inLanguage\":\"es-ES\",\"@id\":\"https:\/\/www.emboldcu.org\/blog\/announcements\/annual-meeting-notice-2023\/#primaryimage\",\"url\":\"https:\/\/www.emboldcu.org\/wp-content\/uploads\/2018\/04\/Mount-Hood-504370128-Blog.jpg\",\"contentUrl\":\"https:\/\/www.emboldcu.org\/wp-content\/uploads\/2018\/04\/Mount-Hood-504370128-Blog.jpg\",\"width\":450,\"height\":300,\"caption\":\"Mt. Hood Photo\"},{\"@type\":\"BreadcrumbList\",\"@id\":\"https:\/\/www.emboldcu.org\/blog\/announcements\/annual-meeting-notice-2023\/#breadcrumb\",\"itemListElement\":[{\"@type\":\"ListItem\",\"position\":1,\"name\":\"Home\",\"item\":\"https:\/\/www.emboldcu.org\/\"},{\"@type\":\"ListItem\",\"position\":2,\"name\":\"2023 Annual Meeting Notice\"}]},{\"@type\":\"WebSite\",\"@id\":\"https:\/\/www.emboldcu.org\/#website\",\"url\":\"https:\/\/www.emboldcu.org\/\",\"name\":\"Embold Credit Union\",\"description\":\"We\u2019ve got your back at Embold\",\"publisher\":{\"@id\":\"https:\/\/www.emboldcu.org\/#organization\"},\"potentialAction\":[{\"@type\":\"SearchAction\",\"target\":{\"@type\":\"EntryPoint\",\"urlTemplate\":\"https:\/\/www.emboldcu.org\/?s={search_term_string}\"},\"query-input\":{\"@type\":\"PropertyValueSpecification\",\"valueRequired\":true,\"valueName\":\"search_term_string\"}}],\"inLanguage\":\"es-ES\"},{\"@type\":\"Organization\",\"@id\":\"https:\/\/www.emboldcu.org\/#organization\",\"name\":\"Embold Credit Union\",\"url\":\"https:\/\/www.emboldcu.org\/\",\"logo\":{\"@type\":\"ImageObject\",\"inLanguage\":\"es-ES\",\"@id\":\"https:\/\/www.emboldcu.org\/#\/schema\/logo\/image\/\",\"url\":\"https:\/\/www.emboldcu.org\/wp-content\/uploads\/2023\/03\/Embold_XDI_Email_footer.jpg\",\"contentUrl\":\"https:\/\/www.emboldcu.org\/wp-content\/uploads\/2023\/03\/Embold_XDI_Email_footer.jpg\",\"width\":348,\"height\":179,\"caption\":\"Embold Credit Union\"},\"image\":{\"@id\":\"https:\/\/www.emboldcu.org\/#\/schema\/logo\/image\/\"},\"sameAs\":[\"https:\/\/www.facebook.com\/emboldcu\",\"https:\/\/x.com\/emboldcu\"]},{\"@type\":\"Person\",\"@id\":\"https:\/\/www.emboldcu.org\/#\/schema\/person\/b50ab7a54ab5f96cd42738688e12de29\",\"name\":\"hilary\",\"url\":\"https:\/\/www.emboldcu.org\/es\/blog\/author\/hilary\/\"}]}<\/script>\n<!-- \/ Yoast SEO Premium plugin. -->","yoast_head_json":{"title":"Notificaci\u00f3n de la reuni\u00f3n anual - Clackamas Federal Credit Union","description":"La Reuni\u00f3n Anual de 2018 se celebrar\u00e1 el martes 22 de mayo de 2018 a las 14:00 horas en la sucursal de McLoughlin.","robots":{"index":"index","follow":"follow","max-snippet":"max-snippet:-1","max-image-preview":"max-image-preview:large","max-video-preview":"max-video-preview:-1"},"canonical":"https:\/\/www.emboldcu.org\/es\/blog\/announcements\/annual-meeting-notice-2023\/","og_locale":"es_ES","og_type":"article","og_title":"2023 Annual Meeting Notice","og_description":"The 2018 Annual Meeting will be held on Tuesday May 22, 2018 at 2:00 p.m. at the McLoughlin Branch.","og_url":"https:\/\/www.emboldcu.org\/es\/blog\/announcements\/annual-meeting-notice-2023\/","og_site_name":"Embold Credit Union","article_publisher":"https:\/\/www.facebook.com\/emboldcu","article_published_time":"2023-04-23T15:00:57+00:00","article_modified_time":"2023-05-10T18:25:33+00:00","og_image":[{"width":450,"height":300,"url":"https:\/\/www.emboldcu.org\/wp-content\/uploads\/2018\/04\/Mount-Hood-504370128-Blog.jpg","type":"image\/jpeg"}],"author":"hilary","twitter_card":"summary_large_image","twitter_creator":"@emboldcu","twitter_site":"@emboldcu","twitter_misc":{"Written by":"hilary","Est. reading time":"2 minutos"},"schema":{"@context":"https:\/\/schema.org","@graph":[{"@type":"Article","@id":"https:\/\/www.emboldcu.org\/blog\/announcements\/annual-meeting-notice-2023\/#article","isPartOf":{"@id":"https:\/\/www.emboldcu.org\/blog\/announcements\/annual-meeting-notice-2023\/"},"author":{"name":"hilary","@id":"https:\/\/www.emboldcu.org\/#\/schema\/person\/b50ab7a54ab5f96cd42738688e12de29"},"headline":"2023 Annual Meeting Notice","datePublished":"2023-04-23T15:00:57+00:00","dateModified":"2023-05-10T18:25:33+00:00","mainEntityOfPage":{"@id":"https:\/\/www.emboldcu.org\/blog\/announcements\/annual-meeting-notice-2023\/"},"wordCount":363,"publisher":{"@id":"https:\/\/www.emboldcu.org\/#organization"},"image":{"@id":"https:\/\/www.emboldcu.org\/blog\/announcements\/annual-meeting-notice-2023\/#primaryimage"},"thumbnailUrl":"https:\/\/www.emboldcu.org\/wp-content\/uploads\/2018\/04\/Mount-Hood-504370128-Blog.jpg","articleSection":["Announcements"],"inLanguage":"es-ES"},{"@type":"WebPage","@id":"https:\/\/www.emboldcu.org\/blog\/announcements\/annual-meeting-notice-2023\/","url":"https:\/\/www.emboldcu.org\/blog\/announcements\/annual-meeting-notice-2023\/","name":"Notificaci\u00f3n de la reuni\u00f3n anual - Clackamas Federal Credit Union","isPartOf":{"@id":"https:\/\/www.emboldcu.org\/#website"},"primaryImageOfPage":{"@id":"https:\/\/www.emboldcu.org\/blog\/announcements\/annual-meeting-notice-2023\/#primaryimage"},"image":{"@id":"https:\/\/www.emboldcu.org\/blog\/announcements\/annual-meeting-notice-2023\/#primaryimage"},"thumbnailUrl":"https:\/\/www.emboldcu.org\/wp-content\/uploads\/2018\/04\/Mount-Hood-504370128-Blog.jpg","datePublished":"2023-04-23T15:00:57+00:00","dateModified":"2023-05-10T18:25:33+00:00","description":"La Reuni\u00f3n Anual de 2018 se celebrar\u00e1 el martes 22 de mayo de 2018 a las 14:00 horas en la sucursal de McLoughlin.","breadcrumb":{"@id":"https:\/\/www.emboldcu.org\/blog\/announcements\/annual-meeting-notice-2023\/#breadcrumb"},"inLanguage":"es-ES","potentialAction":[{"@type":"ReadAction","target":["https:\/\/www.emboldcu.org\/blog\/announcements\/annual-meeting-notice-2023\/"]}]},{"@type":"ImageObject","inLanguage":"es-ES","@id":"https:\/\/www.emboldcu.org\/blog\/announcements\/annual-meeting-notice-2023\/#primaryimage","url":"https:\/\/www.emboldcu.org\/wp-content\/uploads\/2018\/04\/Mount-Hood-504370128-Blog.jpg","contentUrl":"https:\/\/www.emboldcu.org\/wp-content\/uploads\/2018\/04\/Mount-Hood-504370128-Blog.jpg","width":450,"height":300,"caption":"Mt. Hood Photo"},{"@type":"BreadcrumbList","@id":"https:\/\/www.emboldcu.org\/blog\/announcements\/annual-meeting-notice-2023\/#breadcrumb","itemListElement":[{"@type":"ListItem","position":1,"name":"Home","item":"https:\/\/www.emboldcu.org\/"},{"@type":"ListItem","position":2,"name":"2023 Annual Meeting Notice"}]},{"@type":"WebSite","@id":"https:\/\/www.emboldcu.org\/#website","url":"https:\/\/www.emboldcu.org\/","name":"Cooperativa de cr\u00e9dito Embold","description":"En Embold te cubrimos las espaldas","publisher":{"@id":"https:\/\/www.emboldcu.org\/#organization"},"potentialAction":[{"@type":"SearchAction","target":{"@type":"EntryPoint","urlTemplate":"https:\/\/www.emboldcu.org\/?s={search_term_string}"},"query-input":{"@type":"PropertyValueSpecification","valueRequired":true,"valueName":"search_term_string"}}],"inLanguage":"es-ES"},{"@type":"Organization","@id":"https:\/\/www.emboldcu.org\/#organization","name":"Cooperativa de cr\u00e9dito Embold","url":"https:\/\/www.emboldcu.org\/","logo":{"@type":"ImageObject","inLanguage":"es-ES","@id":"https:\/\/www.emboldcu.org\/#\/schema\/logo\/image\/","url":"https:\/\/www.emboldcu.org\/wp-content\/uploads\/2023\/03\/Embold_XDI_Email_footer.jpg","contentUrl":"https:\/\/www.emboldcu.org\/wp-content\/uploads\/2023\/03\/Embold_XDI_Email_footer.jpg","width":348,"height":179,"caption":"Embold Credit Union"},"image":{"@id":"https:\/\/www.emboldcu.org\/#\/schema\/logo\/image\/"},"sameAs":["https:\/\/www.facebook.com\/emboldcu","https:\/\/x.com\/emboldcu"]},{"@type":"Person","@id":"https:\/\/www.emboldcu.org\/#\/schema\/person\/b50ab7a54ab5f96cd42738688e12de29","name":"Hilario","url":"https:\/\/www.emboldcu.org\/es\/blog\/author\/hilary\/"}]}},"_links":{"self":[{"href":"https:\/\/www.emboldcu.org\/es\/wp-json\/wp\/v2\/posts\/5696","targetHints":{"allow":["GET"]}}],"collection":[{"href":"https:\/\/www.emboldcu.org\/es\/wp-json\/wp\/v2\/posts"}],"about":[{"href":"https:\/\/www.emboldcu.org\/es\/wp-json\/wp\/v2\/types\/post"}],"author":[{"embeddable":true,"href":"https:\/\/www.emboldcu.org\/es\/wp-json\/wp\/v2\/users\/9"}],"replies":[{"embeddable":true,"href":"https:\/\/www.emboldcu.org\/es\/wp-json\/wp\/v2\/comments?post=5696"}],"version-history":[{"count":6,"href":"https:\/\/www.emboldcu.org\/es\/wp-json\/wp\/v2\/posts\/5696\/revisions"}],"predecessor-version":[{"id":8366,"href":"https:\/\/www.emboldcu.org\/es\/wp-json\/wp\/v2\/posts\/5696\/revisions\/8366"}],"wp:featuredmedia":[{"embeddable":true,"href":"https:\/\/www.emboldcu.org\/es\/wp-json\/wp\/v2\/media\/1548"}],"wp:attachment":[{"href":"https:\/\/www.emboldcu.org\/es\/wp-json\/wp\/v2\/media?parent=5696"}],"wp:term":[{"taxonomy":"category","embeddable":true,"href":"https:\/\/www.emboldcu.org\/es\/wp-json\/wp\/v2\/categories?post=5696"},{"taxonomy":"post_tag","embeddable":true,"href":"https:\/\/www.emboldcu.org\/es\/wp-json\/wp\/v2\/tags?post=5696"}],"curies":[{"name":"wp","href":"https:\/\/api.w.org\/{rel}","templated":true}]}}