{"id":7773,"date":"2022-12-15T11:16:23","date_gmt":"2022-12-15T19:16:23","guid":{"rendered":"https:\/\/www.emboldcu.org\/?p=7773"},"modified":"2023-02-16T09:02:01","modified_gmt":"2023-02-16T17:02:01","slug":"a-change-is-coming","status":"publish","type":"post","link":"https:\/\/www.emboldcu.org\/es\/blog\/announcements\/a-change-is-coming\/","title":{"rendered":"Se viene un cambio"},"content":{"rendered":"<p>Desde nuestra fundaci\u00f3n en 1957, Clackamas Federal Credit Union siempre ha crecido y se ha adaptado en respuesta a las necesidades de nuestros miembros. A lo largo de todos estos a\u00f1os, nos hemos fortalecido y nos hemos mantenido leales a nuestros miembros, hemos mejorado el acceso y la comodidad, y hemos conservado y mejorado nuestros productos competitivos. Tambi\u00e9n hemos dado la bienvenida continuamente a m\u00e1s miembros en nuestra cooperativa, incluida nuestra emocionante expansi\u00f3n de la carta a los condados vecinos. Estos cambios tienen sus ra\u00edces en el compromiso de nuestra cooperativa de ahorro y cr\u00e9dito de que las personas ayuden a las personas, y fortalecen nuestra cooperativa y mejoran nuestra capacidad para servirle.<\/p>\n<p>Hoy, Clackamas Federal Credit Union se complace en anunciar una decisi\u00f3n que continuar\u00e1 con nuestro legado compartido y nuestro \u00e9xito a largo plazo. Pronto adoptaremos un nuevo nombre y marca que reflejar\u00e1 mejor nuestra cultura, nuestro compromiso con el servicio y nuestra membres\u00eda, hoy y para las generaciones venideras. Nuestro nuevo nombre se anunciar\u00e1 despu\u00e9s de principios de a\u00f1o y usted estar\u00e1 entre los primeros en ver el nombre y nuestros planes para el futuro.<\/p>\n<p>Esta decisi\u00f3n se produce despu\u00e9s de meses de planificaci\u00f3n estrat\u00e9gica para posicionar mejor a la cooperativa de ahorro y cr\u00e9dito para el crecimiento y el \u00e9xito futuros. Un nombre y una marca nuevos y m\u00e1s distintivos mejorar\u00e1n nuestro crecimiento sostenible a largo plazo, atraer\u00e1n audiencias diversas y nos ayudar\u00e1n a brindar un gran valor a los miembros actuales y futuros.<\/p>\n<p>Tenga la seguridad de que el cambio de nombre no se debe a que nuestra cooperativa de ahorro y cr\u00e9dito fue comprada o fusionada con otra organizaci\u00f3n financiera. Somos financieramente fuertes y s\u00f3lidos y continuaremos brindando los mismos servicios que ofrecemos hoy con orgullo y pasi\u00f3n por nuestro incre\u00edble personal.<\/p>\n<p>Esperamos poder continuar sirviendo y apoyando a nuestros miembros y la comunidad. T\u00f3mese un momento para leer las preguntas y respuestas a continuaci\u00f3n, pase por nuestra sucursal o comun\u00edquese con help@clackamasfcu.org si tiene alguna pregunta o inquietud sobre el pr\u00f3ximo cambio en la cooperativa de cr\u00e9dito.<\/p>\n<p>Gracias por su apoyo y confianza en nosotros mientras damos este pr\u00f3ximo paso emocionante en la historia de nuestra cooperativa de ahorro y cr\u00e9dito.<\/p>\n<p>&nbsp;<\/p>\n<p><strong>Preguntas y respuestas<\/strong><\/p>\n<p><strong>P: \u00bfCu\u00e1ndo entrar\u00e1 en vigor el cambio de nombre?<\/strong><br \/>\nR: Cambiaremos oficialmente nuestro nombre el 1 de febrero de 2023.<\/p>\n<p><strong>P: \u00bfEl cambio de nombre es el resultado de una fusi\u00f3n o adquisici\u00f3n? <\/strong><br \/>\nR: No. El cambio de nombre no es el resultado de una fusi\u00f3n o adquisici\u00f3n de ning\u00fan tipo. Seguiremos siendo propiedad de ustedes, nuestros miembros, tal como lo somos hoy.<\/p>\n<p><strong>P: \u00bfPor qu\u00e9 est\u00e1s cambiando el nombre?<\/strong><br \/>\nR: Sabemos que nuestro nombre actual es motivo de confusi\u00f3n sobre la elegibilidad de la membres\u00eda y, por lo tanto, un obst\u00e1culo para que algunos se unan a nuestra cooperativa de ahorro y cr\u00e9dito y experimenten todo lo que tenemos para ofrecer. La Junta Directiva de voluntarios tom\u00f3 la decisi\u00f3n un\u00e1nime de cambiar el nombre de la cooperativa de ahorro y cr\u00e9dito para reducir esa barrera de confusi\u00f3n y dar la bienvenida a m\u00e1s miembros a nuestra cooperativa de ahorro y cr\u00e9dito \u00fanica.<\/p>\n<p><strong>P: \u00bfC\u00f3mo seleccionar\u00e1n el nuevo nombre? <\/strong><br \/>\nR: Pasamos muchos meses trabajando con un equipo de miembros de la junta y la gerencia bajo la gu\u00eda de una firma de marca experimentada y respetada. Esperamos anunciar el nuevo nombre en enero de 2023.<\/p>\n<p><strong>P: \u00bfSer\u00e1 costoso este cambio de nombre? <\/strong><br \/>\nR: Consideramos que los costos asociados con el cambio de nuestro nombre son una inversi\u00f3n inteligente en el futuro de nuestra cooperativa de ahorro y cr\u00e9dito y nos ayudar\u00e1n a servir a m\u00e1s familias y empresas en nuestras comunidades con nuestro prop\u00f3sito de ayudar a desarrollar su solidez financiera.<\/p>\n<p><strong>P: \u00bfQu\u00e9 cambiar\u00e1 con el nuevo nombre?<\/strong><br \/>\nR: No habr\u00e1 ning\u00fan impacto en su relaci\u00f3n existente con nosotros, ni ning\u00fan cambio en su banca diaria. Ver\u00e1 cambios en nuestra se\u00f1alizaci\u00f3n exterior, folletos, papeler\u00eda y sitio web a partir del 1 de febrero de 2023.<\/p>\n<p><strong>P: \u00bfLa titularidad de la cooperativa de ahorro y cr\u00e9dito seguir\u00e1 siendo la misma?<\/strong><br \/>\nR: S\u00ed. La cooperativa de ahorro y cr\u00e9dito seguir\u00e1 siendo 100% propiedad de nuestros miembros.<\/p>\n<p><strong>P: \u00bfCambiar\u00e1n los empleados?<\/strong><br \/>\nR: Los empleados a los que se ha acostumbrado a servirle estar\u00e1n aqu\u00ed listos para brindarle el mismo servicio personalizado que espera.<\/p>\n<p><strong>P: \u00bfCambiar\u00e1n mis n\u00fameros de cuenta? <\/strong><br \/>\nR: No. Su n\u00famero de cuenta seguir\u00e1 siendo el mismo.<\/p>\n<p><strong>P: Si tengo pagos autom\u00e1ticos tomados de mi cuenta o recibo un dep\u00f3sito directo, \u00bftendr\u00e9 que hacer algo? <\/strong><br \/>\nR: No. Todo seguir\u00e1 igual. Nuestro n\u00famero de ruta no cambiar\u00e1 y su n\u00famero de cuenta seguir\u00e1 siendo el mismo. Por lo tanto, no es necesario realizar ning\u00fan tr\u00e1mite para actualizar los pagos autom\u00e1ticos o el dep\u00f3sito directo.<\/p>\n<p><strong>P: \u00bfC\u00f3mo se ver\u00e1n afectadas las tarifas, las tasas de pr\u00e9stamo y las tasas de dep\u00f3sito por el cambio de nombre?<\/strong><br \/>\nR: Las tarifas y tarifas no se ver\u00e1n afectadas por el cambio de nombre. Continuaremos monitoreando nuestras tarifas y tarifas, ya que siempre tenemos que garantizar un alto valor y retorno a nuestros miembros. Las tarifas y tarifas fluct\u00faan, ya que se ajustan en respuesta a las condiciones del mercado.<\/p>\n<p><strong>P: \u00bfSeguir\u00e1 funcionando mi tarjeta de d\u00e9bito y\/o cr\u00e9dito? <\/strong><br \/>\nR: S\u00ed. Su tarjeta de cr\u00e9dito seguir\u00e1 funcionando como siempre lo ha hecho. Su tarjeta de d\u00e9bito y PIN seguir\u00e1n funcionando como siempre. Despu\u00e9s del cambio de nombre, las tarjetas de cr\u00e9dito y d\u00e9bito llevar\u00e1n el nuevo nombre cuando se emitan como tarjetas nuevas o cuando las tarjetas existentes caduquen y se actualicen en su horario regular.<\/p>\n<p><strong>P: \u00bfTodav\u00eda podr\u00e9 usar mis cheques? <\/strong><br \/>\nR: S\u00ed. Puede continuar usando sus cheques existentes hasta que se agoten. Al volver a realizar el pedido, ver\u00e1 el nuevo nombre y logotipo de la cooperativa de ahorro y cr\u00e9dito en sus cheques.<\/p>\n<p><strong>P: \u00bfA qui\u00e9n debo contactar si tengo preguntas adicionales? <\/strong><br \/>\nR: Comun\u00edquese con <strong>help@clackamasfcu.org<\/strong> con m\u00e1s preguntas.<\/p>","protected":false},"excerpt":{"rendered":"<p>Desde nuestra fundaci\u00f3n en 1957, Clackamas Federal Credit Union siempre ha crecido y se ha adaptado en respuesta a las necesidades de nuestros miembros. A lo largo de todos estos a\u00f1os, nos hemos fortalecido y permanecido\u2026 <a href=\"https:\/\/www.emboldcu.org\/es\/blog\/announcements\/a-change-is-coming\/\">Lee mas<\/a><\/p>","protected":false},"author":9,"featured_media":5087,"comment_status":"closed","ping_status":"closed","sticky":false,"template":"","format":"standard","meta":{"_acf_changed":false,"footnotes":""},"categories":[8],"tags":[],"class_list":["post-7773","post","type-post","status-publish","format-standard","has-post-thumbnail","hentry","category-announcements"],"acf":[],"yoast_head":"<!-- This site is optimized with the Yoast SEO Premium plugin v27.2 (Yoast SEO v27.2) - https:\/\/yoast.com\/product\/yoast-seo-premium-wordpress\/ -->\n<title>A Change is Coming | Embold Credit Union<\/title>\n<meta name=\"robots\" content=\"index, follow, max-snippet:-1, max-image-preview:large, max-video-preview:-1\" \/>\n<link rel=\"canonical\" href=\"https:\/\/www.emboldcu.org\/es\/blog\/announcements\/a-change-is-coming\/\" \/>\n<meta property=\"og:locale\" content=\"es_ES\" \/>\n<meta property=\"og:type\" content=\"article\" \/>\n<meta property=\"og:title\" content=\"A Change is Coming\" \/>\n<meta property=\"og:description\" content=\"Since our founding in 1957, Clackamas Federal Credit Union has always grown and adapted in response to our members\u2019 needs. Through all these years, we have grown stronger and remained\u2026 Read more\" \/>\n<meta property=\"og:url\" content=\"https:\/\/www.emboldcu.org\/es\/blog\/announcements\/a-change-is-coming\/\" \/>\n<meta property=\"og:site_name\" content=\"Embold Credit Union\" \/>\n<meta property=\"article:publisher\" content=\"https:\/\/www.facebook.com\/emboldcu\" \/>\n<meta property=\"article:published_time\" content=\"2022-12-15T19:16:23+00:00\" \/>\n<meta property=\"article:modified_time\" content=\"2023-02-16T17:02:01+00:00\" \/>\n<meta property=\"og:image\" content=\"https:\/\/www.emboldcu.org\/wp-content\/uploads\/2021\/04\/2021_Fee-Reduction-Press-Release.jpg\" \/>\n\t<meta property=\"og:image:width\" content=\"660\" \/>\n\t<meta property=\"og:image:height\" content=\"440\" \/>\n\t<meta property=\"og:image:type\" content=\"image\/jpeg\" \/>\n<meta name=\"author\" content=\"hilary\" \/>\n<meta name=\"twitter:card\" content=\"summary_large_image\" \/>\n<meta name=\"twitter:creator\" content=\"@emboldcu\" \/>\n<meta name=\"twitter:site\" content=\"@emboldcu\" \/>\n<meta name=\"twitter:label1\" content=\"Written by\" \/>\n\t<meta name=\"twitter:data1\" content=\"hilary\" \/>\n\t<meta name=\"twitter:label2\" content=\"Est. reading time\" \/>\n\t<meta name=\"twitter:data2\" content=\"4 minutos\" \/>\n<script type=\"application\/ld+json\" class=\"yoast-schema-graph\">{\"@context\":\"https:\/\/schema.org\",\"@graph\":[{\"@type\":\"Article\",\"@id\":\"https:\/\/www.emboldcu.org\/blog\/announcements\/a-change-is-coming\/#article\",\"isPartOf\":{\"@id\":\"https:\/\/www.emboldcu.org\/blog\/announcements\/a-change-is-coming\/\"},\"author\":{\"name\":\"hilary\",\"@id\":\"https:\/\/www.emboldcu.org\/#\/schema\/person\/b50ab7a54ab5f96cd42738688e12de29\"},\"headline\":\"A Change is Coming\",\"datePublished\":\"2022-12-15T19:16:23+00:00\",\"dateModified\":\"2023-02-16T17:02:01+00:00\",\"mainEntityOfPage\":{\"@id\":\"https:\/\/www.emboldcu.org\/blog\/announcements\/a-change-is-coming\/\"},\"wordCount\":921,\"publisher\":{\"@id\":\"https:\/\/www.emboldcu.org\/#organization\"},\"image\":{\"@id\":\"https:\/\/www.emboldcu.org\/blog\/announcements\/a-change-is-coming\/#primaryimage\"},\"thumbnailUrl\":\"https:\/\/www.emboldcu.org\/wp-content\/uploads\/2021\/04\/2021_Fee-Reduction-Press-Release.jpg\",\"articleSection\":[\"Announcements\"],\"inLanguage\":\"es-ES\"},{\"@type\":\"WebPage\",\"@id\":\"https:\/\/www.emboldcu.org\/blog\/announcements\/a-change-is-coming\/\",\"url\":\"https:\/\/www.emboldcu.org\/blog\/announcements\/a-change-is-coming\/\",\"name\":\"A Change is Coming | Embold Credit Union\",\"isPartOf\":{\"@id\":\"https:\/\/www.emboldcu.org\/#website\"},\"primaryImageOfPage\":{\"@id\":\"https:\/\/www.emboldcu.org\/blog\/announcements\/a-change-is-coming\/#primaryimage\"},\"image\":{\"@id\":\"https:\/\/www.emboldcu.org\/blog\/announcements\/a-change-is-coming\/#primaryimage\"},\"thumbnailUrl\":\"https:\/\/www.emboldcu.org\/wp-content\/uploads\/2021\/04\/2021_Fee-Reduction-Press-Release.jpg\",\"datePublished\":\"2022-12-15T19:16:23+00:00\",\"dateModified\":\"2023-02-16T17:02:01+00:00\",\"breadcrumb\":{\"@id\":\"https:\/\/www.emboldcu.org\/blog\/announcements\/a-change-is-coming\/#breadcrumb\"},\"inLanguage\":\"es-ES\",\"potentialAction\":[{\"@type\":\"ReadAction\",\"target\":[\"https:\/\/www.emboldcu.org\/blog\/announcements\/a-change-is-coming\/\"]}]},{\"@type\":\"ImageObject\",\"inLanguage\":\"es-ES\",\"@id\":\"https:\/\/www.emboldcu.org\/blog\/announcements\/a-change-is-coming\/#primaryimage\",\"url\":\"https:\/\/www.emboldcu.org\/wp-content\/uploads\/2021\/04\/2021_Fee-Reduction-Press-Release.jpg\",\"contentUrl\":\"https:\/\/www.emboldcu.org\/wp-content\/uploads\/2021\/04\/2021_Fee-Reduction-Press-Release.jpg\",\"width\":660,\"height\":440,\"caption\":\"Mt Hood Tulips\"},{\"@type\":\"BreadcrumbList\",\"@id\":\"https:\/\/www.emboldcu.org\/blog\/announcements\/a-change-is-coming\/#breadcrumb\",\"itemListElement\":[{\"@type\":\"ListItem\",\"position\":1,\"name\":\"Home\",\"item\":\"https:\/\/www.emboldcu.org\/\"},{\"@type\":\"ListItem\",\"position\":2,\"name\":\"A Change is Coming\"}]},{\"@type\":\"WebSite\",\"@id\":\"https:\/\/www.emboldcu.org\/#website\",\"url\":\"https:\/\/www.emboldcu.org\/\",\"name\":\"Embold Credit Union\",\"description\":\"We\u2019ve got your back at Embold\",\"publisher\":{\"@id\":\"https:\/\/www.emboldcu.org\/#organization\"},\"potentialAction\":[{\"@type\":\"SearchAction\",\"target\":{\"@type\":\"EntryPoint\",\"urlTemplate\":\"https:\/\/www.emboldcu.org\/?s={search_term_string}\"},\"query-input\":{\"@type\":\"PropertyValueSpecification\",\"valueRequired\":true,\"valueName\":\"search_term_string\"}}],\"inLanguage\":\"es-ES\"},{\"@type\":\"Organization\",\"@id\":\"https:\/\/www.emboldcu.org\/#organization\",\"name\":\"Embold Credit Union\",\"url\":\"https:\/\/www.emboldcu.org\/\",\"logo\":{\"@type\":\"ImageObject\",\"inLanguage\":\"es-ES\",\"@id\":\"https:\/\/www.emboldcu.org\/#\/schema\/logo\/image\/\",\"url\":\"https:\/\/www.emboldcu.org\/wp-content\/uploads\/2023\/03\/Embold_XDI_Email_footer.jpg\",\"contentUrl\":\"https:\/\/www.emboldcu.org\/wp-content\/uploads\/2023\/03\/Embold_XDI_Email_footer.jpg\",\"width\":348,\"height\":179,\"caption\":\"Embold Credit Union\"},\"image\":{\"@id\":\"https:\/\/www.emboldcu.org\/#\/schema\/logo\/image\/\"},\"sameAs\":[\"https:\/\/www.facebook.com\/emboldcu\",\"https:\/\/x.com\/emboldcu\"]},{\"@type\":\"Person\",\"@id\":\"https:\/\/www.emboldcu.org\/#\/schema\/person\/b50ab7a54ab5f96cd42738688e12de29\",\"name\":\"hilary\",\"url\":\"https:\/\/www.emboldcu.org\/es\/blog\/author\/hilary\/\"}]}<\/script>\n<!-- \/ Yoast SEO Premium plugin. -->","yoast_head_json":{"title":"Se avecina un cambio | Embold Credit Union","robots":{"index":"index","follow":"follow","max-snippet":"max-snippet:-1","max-image-preview":"max-image-preview:large","max-video-preview":"max-video-preview:-1"},"canonical":"https:\/\/www.emboldcu.org\/es\/blog\/announcements\/a-change-is-coming\/","og_locale":"es_ES","og_type":"article","og_title":"A Change is Coming","og_description":"Since our founding in 1957, Clackamas Federal Credit Union has always grown and adapted in response to our members\u2019 needs. Through all these years, we have grown stronger and remained\u2026 Read more","og_url":"https:\/\/www.emboldcu.org\/es\/blog\/announcements\/a-change-is-coming\/","og_site_name":"Embold Credit Union","article_publisher":"https:\/\/www.facebook.com\/emboldcu","article_published_time":"2022-12-15T19:16:23+00:00","article_modified_time":"2023-02-16T17:02:01+00:00","og_image":[{"width":660,"height":440,"url":"https:\/\/www.emboldcu.org\/wp-content\/uploads\/2021\/04\/2021_Fee-Reduction-Press-Release.jpg","type":"image\/jpeg"}],"author":"hilary","twitter_card":"summary_large_image","twitter_creator":"@emboldcu","twitter_site":"@emboldcu","twitter_misc":{"Written by":"hilary","Est. reading time":"4 minutos"},"schema":{"@context":"https:\/\/schema.org","@graph":[{"@type":"Article","@id":"https:\/\/www.emboldcu.org\/blog\/announcements\/a-change-is-coming\/#article","isPartOf":{"@id":"https:\/\/www.emboldcu.org\/blog\/announcements\/a-change-is-coming\/"},"author":{"name":"hilary","@id":"https:\/\/www.emboldcu.org\/#\/schema\/person\/b50ab7a54ab5f96cd42738688e12de29"},"headline":"A Change is Coming","datePublished":"2022-12-15T19:16:23+00:00","dateModified":"2023-02-16T17:02:01+00:00","mainEntityOfPage":{"@id":"https:\/\/www.emboldcu.org\/blog\/announcements\/a-change-is-coming\/"},"wordCount":921,"publisher":{"@id":"https:\/\/www.emboldcu.org\/#organization"},"image":{"@id":"https:\/\/www.emboldcu.org\/blog\/announcements\/a-change-is-coming\/#primaryimage"},"thumbnailUrl":"https:\/\/www.emboldcu.org\/wp-content\/uploads\/2021\/04\/2021_Fee-Reduction-Press-Release.jpg","articleSection":["Announcements"],"inLanguage":"es-ES"},{"@type":"WebPage","@id":"https:\/\/www.emboldcu.org\/blog\/announcements\/a-change-is-coming\/","url":"https:\/\/www.emboldcu.org\/blog\/announcements\/a-change-is-coming\/","name":"Se avecina un cambio | Embold Credit Union","isPartOf":{"@id":"https:\/\/www.emboldcu.org\/#website"},"primaryImageOfPage":{"@id":"https:\/\/www.emboldcu.org\/blog\/announcements\/a-change-is-coming\/#primaryimage"},"image":{"@id":"https:\/\/www.emboldcu.org\/blog\/announcements\/a-change-is-coming\/#primaryimage"},"thumbnailUrl":"https:\/\/www.emboldcu.org\/wp-content\/uploads\/2021\/04\/2021_Fee-Reduction-Press-Release.jpg","datePublished":"2022-12-15T19:16:23+00:00","dateModified":"2023-02-16T17:02:01+00:00","breadcrumb":{"@id":"https:\/\/www.emboldcu.org\/blog\/announcements\/a-change-is-coming\/#breadcrumb"},"inLanguage":"es-ES","potentialAction":[{"@type":"ReadAction","target":["https:\/\/www.emboldcu.org\/blog\/announcements\/a-change-is-coming\/"]}]},{"@type":"ImageObject","inLanguage":"es-ES","@id":"https:\/\/www.emboldcu.org\/blog\/announcements\/a-change-is-coming\/#primaryimage","url":"https:\/\/www.emboldcu.org\/wp-content\/uploads\/2021\/04\/2021_Fee-Reduction-Press-Release.jpg","contentUrl":"https:\/\/www.emboldcu.org\/wp-content\/uploads\/2021\/04\/2021_Fee-Reduction-Press-Release.jpg","width":660,"height":440,"caption":"Mt Hood Tulips"},{"@type":"BreadcrumbList","@id":"https:\/\/www.emboldcu.org\/blog\/announcements\/a-change-is-coming\/#breadcrumb","itemListElement":[{"@type":"ListItem","position":1,"name":"Home","item":"https:\/\/www.emboldcu.org\/"},{"@type":"ListItem","position":2,"name":"A Change is Coming"}]},{"@type":"WebSite","@id":"https:\/\/www.emboldcu.org\/#website","url":"https:\/\/www.emboldcu.org\/","name":"Cooperativa de cr\u00e9dito Embold","description":"En Embold te cubrimos las espaldas","publisher":{"@id":"https:\/\/www.emboldcu.org\/#organization"},"potentialAction":[{"@type":"SearchAction","target":{"@type":"EntryPoint","urlTemplate":"https:\/\/www.emboldcu.org\/?s={search_term_string}"},"query-input":{"@type":"PropertyValueSpecification","valueRequired":true,"valueName":"search_term_string"}}],"inLanguage":"es-ES"},{"@type":"Organization","@id":"https:\/\/www.emboldcu.org\/#organization","name":"Cooperativa de cr\u00e9dito Embold","url":"https:\/\/www.emboldcu.org\/","logo":{"@type":"ImageObject","inLanguage":"es-ES","@id":"https:\/\/www.emboldcu.org\/#\/schema\/logo\/image\/","url":"https:\/\/www.emboldcu.org\/wp-content\/uploads\/2023\/03\/Embold_XDI_Email_footer.jpg","contentUrl":"https:\/\/www.emboldcu.org\/wp-content\/uploads\/2023\/03\/Embold_XDI_Email_footer.jpg","width":348,"height":179,"caption":"Embold Credit Union"},"image":{"@id":"https:\/\/www.emboldcu.org\/#\/schema\/logo\/image\/"},"sameAs":["https:\/\/www.facebook.com\/emboldcu","https:\/\/x.com\/emboldcu"]},{"@type":"Person","@id":"https:\/\/www.emboldcu.org\/#\/schema\/person\/b50ab7a54ab5f96cd42738688e12de29","name":"Hilario","url":"https:\/\/www.emboldcu.org\/es\/blog\/author\/hilary\/"}]}},"_links":{"self":[{"href":"https:\/\/www.emboldcu.org\/es\/wp-json\/wp\/v2\/posts\/7773","targetHints":{"allow":["GET"]}}],"collection":[{"href":"https:\/\/www.emboldcu.org\/es\/wp-json\/wp\/v2\/posts"}],"about":[{"href":"https:\/\/www.emboldcu.org\/es\/wp-json\/wp\/v2\/types\/post"}],"author":[{"embeddable":true,"href":"https:\/\/www.emboldcu.org\/es\/wp-json\/wp\/v2\/users\/9"}],"replies":[{"embeddable":true,"href":"https:\/\/www.emboldcu.org\/es\/wp-json\/wp\/v2\/comments?post=7773"}],"version-history":[{"count":6,"href":"https:\/\/www.emboldcu.org\/es\/wp-json\/wp\/v2\/posts\/7773\/revisions"}],"predecessor-version":[{"id":7807,"href":"https:\/\/www.emboldcu.org\/es\/wp-json\/wp\/v2\/posts\/7773\/revisions\/7807"}],"wp:featuredmedia":[{"embeddable":true,"href":"https:\/\/www.emboldcu.org\/es\/wp-json\/wp\/v2\/media\/5087"}],"wp:attachment":[{"href":"https:\/\/www.emboldcu.org\/es\/wp-json\/wp\/v2\/media?parent=7773"}],"wp:term":[{"taxonomy":"category","embeddable":true,"href":"https:\/\/www.emboldcu.org\/es\/wp-json\/wp\/v2\/categories?post=7773"},{"taxonomy":"post_tag","embeddable":true,"href":"https:\/\/www.emboldcu.org\/es\/wp-json\/wp\/v2\/tags?post=7773"}],"curies":[{"name":"wp","href":"https:\/\/api.w.org\/{rel}","templated":true}]}}