{"id":7961,"date":"2023-03-10T14:44:59","date_gmt":"2023-03-10T22:44:59","guid":{"rendered":"https:\/\/www.emboldcu.org\/?p=7961"},"modified":"2023-03-16T10:04:48","modified_gmt":"2023-03-16T17:04:48","slug":"honoring-our-roots-david-d-spear","status":"publish","type":"post","link":"https:\/\/www.emboldcu.org\/es\/blog\/announcements\/honoring-our-roots-david-d-spear\/","title":{"rendered":"Honrando nuestras ra\u00edces: David D. Spear"},"content":{"rendered":"<p>En 1950, un joven soldado llamado David Spear fue dado de baja del servicio militar y regres\u00f3 a su hogar en Oregon City. David comenz\u00f3 a trabajar para la oficina del alguacil del condado de Clackamas como ayudante de patrulla, pero al igual que muchos j\u00f3venes que reci\u00e9n comienzan, David luch\u00f3 para obtener la ayuda financiera y los servicios que necesitaba para administrar sus finanzas personales. Estaba decidido a encontrar la manera de comprar un autom\u00f3vil \u00faltimo modelo, pero no pudo obtener el pr\u00e9stamo que necesitaba de los bancos locales. Frustrado, David Spear se dedic\u00f3 a tratar de formar una cooperativa de ahorro y cr\u00e9dito para servir a los empleados de la oficina del alguacil, as\u00ed como a los empleados de la ciudad, el condado y otros empleados gubernamentales en el condado de Clackamas.<\/p>\n<p>\u201cPregunt\u00e9 d\u00f3nde estaba la cooperativa de ahorro y cr\u00e9dito [y] me informaron que no hab\u00eda ninguna\u201d, record\u00f3 David. \u201cSab\u00eda que esto deb\u00eda cambiar, as\u00ed que proced\u00ed a buscar la informaci\u00f3n necesaria para iniciar uno\u201d.<\/p>\n<p>Durante los a\u00f1os siguientes, el joven veterano reuni\u00f3 a varios amigos e individuos con ideas afines, y juntos lanzaron ClackCo Federal Credit Union en 1957. Su historia no es \u00fanica. Durante m\u00e1s de 100 a\u00f1os, personas de escasos recursos que se han cansado de las pr\u00e1cticas bancarias exclusivas o depredadoras se han unido para formar cooperativas financieras conocidas como uniones de cr\u00e9dito. A diferencia de los bancos, estas cooperativas no tienen fines de lucro y est\u00e1n organizadas con la \u00fanica misi\u00f3n de mejorar la situaci\u00f3n financiera de sus miembros.<\/p>\n<figure id=\"attachment_7966\" aria-describedby=\"caption-attachment-7966\" style=\"width: 161px\" class=\"wp-caption alignleft\"><img loading=\"lazy\" decoding=\"async\" class=\"wp-image-7966\" src=\"https:\/\/www.emboldcu.org\/wp-content\/uploads\/2023\/03\/David-Spear-422x540.png\" alt=\"David Spear\" width=\"161\" height=\"207\" \/><figcaption id=\"caption-attachment-7966\" class=\"wp-caption-text\">Embold Credit Union Fundador y voluntario, David D. Spear, 1986<\/figcaption><\/figure>\n<p>El miembro fundador, David Spear, pas\u00f3 a servir a la cooperativa de ahorro y cr\u00e9dito en varias capacidades, incluida la de ser miembro de la junta directiva voluntaria de Embold durante muchos a\u00f1os. David renunci\u00f3 a la Junta de Embold poco antes de su muerte en 2010. Durante su mandato, la Cooperativa de Cr\u00e9dito cambi\u00f3 su estatuto para servir a toda la comunidad y se renombr\u00f3 como Clackamas Federal Credit Union.<\/p>\n<p>Justo este a\u00f1o, Credit Union volvi\u00f3 a cambiar su nombre a su nombre actual, Embold Credit Union, despu\u00e9s de expandir su estatuto para servir a cualquier persona en los condados de Clackamas, Marion, Multnomah, Polk, Yamhill y Washington.<\/p>\n<p>A lo largo de sus 65 a\u00f1os de historia, Embold ha trabajado para honrar la misi\u00f3n original para la que se form\u00f3: ser una fuerza para el bien en la comunidad y un socio financiero de confianza para sus miembros propietarios. Embold brinda servicios financieros, asesoramiento y capacitaci\u00f3n de bajo costo a sus miembros y apoya a numerosas organizaciones sin fines de lucro a trav\u00e9s de horas de voluntariado, donaciones y asociaciones.<\/p>\n<p>Este a\u00f1o, recordamos y honramos a David Spear al bautizar nuestra nueva sala de reuniones del Centro Comunitario como &quot;Auditorio David D. Spear&quot;. Ubicado a solo unas millas por McLoughlin Boulevard del edificio de la sede original de Embold, el Centro Comunitario y el Auditorio David D. Spear est\u00e1n destinados a proporcionar un espacio de reuni\u00f3n de bajo costo para organizaciones locales sin fines de lucro y otros socios comunitarios.<\/p>\n<p>Durante sus \u00faltimos a\u00f1os como miembro de la junta directiva de Embold Credit Union, David document\u00f3 en papel sus recuerdos de los or\u00edgenes de la cooperativa de ahorro y cr\u00e9dito y concluy\u00f3 afirmando: &quot;Me gustar\u00eda decir que estoy orgulloso y complacido con el \u00e9xito de la Cooperativa de Cr\u00e9dito y agradecer a todos sus miembros por hacerla exitosa\u201d.<\/p>\n<p>No podr\u00edamos estar m\u00e1s de acuerdo.<\/p>","protected":false},"excerpt":{"rendered":"<p>En 1950, un joven soldado llamado David Spear fue dado de baja del servicio militar y regres\u00f3 a su hogar en Oregon City. David comenz\u00f3 a trabajar para la Oficina del Sheriff del Condado de Clackamas como\u2026 <a href=\"https:\/\/www.emboldcu.org\/es\/blog\/announcements\/honoring-our-roots-david-d-spear\/\">Lee mas<\/a><\/p>","protected":false},"author":9,"featured_media":7909,"comment_status":"closed","ping_status":"closed","sticky":false,"template":"","format":"standard","meta":{"_acf_changed":false,"footnotes":""},"categories":[8,13],"tags":[],"class_list":["post-7961","post","type-post","status-publish","format-standard","has-post-thumbnail","hentry","category-announcements","category-community"],"acf":[],"yoast_head":"<!-- This site is optimized with the Yoast SEO Premium plugin v27.2 (Yoast SEO v27.2) - https:\/\/yoast.com\/product\/yoast-seo-premium-wordpress\/ -->\n<title>Honoring our Roots: David D. Spear | Embold Credit Union<\/title>\n<meta name=\"robots\" content=\"index, follow, max-snippet:-1, max-image-preview:large, max-video-preview:-1\" \/>\n<link rel=\"canonical\" href=\"https:\/\/www.emboldcu.org\/es\/blog\/announcements\/honoring-our-roots-david-d-spear\/\" \/>\n<meta property=\"og:locale\" content=\"es_ES\" \/>\n<meta property=\"og:type\" content=\"article\" \/>\n<meta property=\"og:title\" content=\"Honoring our Roots: David D. Spear\" \/>\n<meta property=\"og:description\" content=\"In 1950, a young GI named David Spear was discharged from military service and came home to Oregon City. David began working for the Clackamas County Sheriff\u2019s Office as a\u2026 Read more\" \/>\n<meta property=\"og:url\" content=\"https:\/\/www.emboldcu.org\/es\/blog\/announcements\/honoring-our-roots-david-d-spear\/\" \/>\n<meta property=\"og:site_name\" content=\"Embold Credit Union\" \/>\n<meta property=\"article:publisher\" content=\"https:\/\/www.facebook.com\/emboldcu\" \/>\n<meta property=\"article:published_time\" content=\"2023-03-10T22:44:59+00:00\" \/>\n<meta property=\"article:modified_time\" content=\"2023-03-16T17:04:48+00:00\" \/>\n<meta property=\"og:image\" content=\"https:\/\/www.emboldcu.org\/wp-content\/uploads\/2022\/04\/Q1-Blog-post-Mt-Hood-Fall-trees-2020.jpg\" \/>\n\t<meta property=\"og:image:width\" content=\"450\" \/>\n\t<meta property=\"og:image:height\" content=\"300\" \/>\n\t<meta property=\"og:image:type\" content=\"image\/jpeg\" \/>\n<meta name=\"author\" content=\"hilary\" \/>\n<meta name=\"twitter:card\" content=\"summary_large_image\" \/>\n<meta name=\"twitter:creator\" content=\"@emboldcu\" \/>\n<meta name=\"twitter:site\" content=\"@emboldcu\" \/>\n<meta name=\"twitter:label1\" content=\"Written by\" \/>\n\t<meta name=\"twitter:data1\" content=\"hilary\" \/>\n\t<meta name=\"twitter:label2\" content=\"Est. reading time\" \/>\n\t<meta name=\"twitter:data2\" content=\"3 minutos\" \/>\n<script type=\"application\/ld+json\" class=\"yoast-schema-graph\">{\"@context\":\"https:\/\/schema.org\",\"@graph\":[{\"@type\":\"Article\",\"@id\":\"https:\/\/www.emboldcu.org\/blog\/announcements\/honoring-our-roots-david-d-spear\/#article\",\"isPartOf\":{\"@id\":\"https:\/\/www.emboldcu.org\/blog\/announcements\/honoring-our-roots-david-d-spear\/\"},\"author\":{\"name\":\"hilary\",\"@id\":\"https:\/\/www.emboldcu.org\/#\/schema\/person\/b50ab7a54ab5f96cd42738688e12de29\"},\"headline\":\"Honoring our Roots: David D. Spear\",\"datePublished\":\"2023-03-10T22:44:59+00:00\",\"dateModified\":\"2023-03-16T17:04:48+00:00\",\"mainEntityOfPage\":{\"@id\":\"https:\/\/www.emboldcu.org\/blog\/announcements\/honoring-our-roots-david-d-spear\/\"},\"wordCount\":516,\"publisher\":{\"@id\":\"https:\/\/www.emboldcu.org\/#organization\"},\"image\":{\"@id\":\"https:\/\/www.emboldcu.org\/blog\/announcements\/honoring-our-roots-david-d-spear\/#primaryimage\"},\"thumbnailUrl\":\"https:\/\/www.emboldcu.org\/wp-content\/uploads\/2022\/04\/Q1-Blog-post-Mt-Hood-Fall-trees-2020.jpg\",\"articleSection\":[\"Announcements\",\"Community\"],\"inLanguage\":\"es-ES\"},{\"@type\":\"WebPage\",\"@id\":\"https:\/\/www.emboldcu.org\/blog\/announcements\/honoring-our-roots-david-d-spear\/\",\"url\":\"https:\/\/www.emboldcu.org\/blog\/announcements\/honoring-our-roots-david-d-spear\/\",\"name\":\"Honoring our Roots: David D. Spear | Embold Credit Union\",\"isPartOf\":{\"@id\":\"https:\/\/www.emboldcu.org\/#website\"},\"primaryImageOfPage\":{\"@id\":\"https:\/\/www.emboldcu.org\/blog\/announcements\/honoring-our-roots-david-d-spear\/#primaryimage\"},\"image\":{\"@id\":\"https:\/\/www.emboldcu.org\/blog\/announcements\/honoring-our-roots-david-d-spear\/#primaryimage\"},\"thumbnailUrl\":\"https:\/\/www.emboldcu.org\/wp-content\/uploads\/2022\/04\/Q1-Blog-post-Mt-Hood-Fall-trees-2020.jpg\",\"datePublished\":\"2023-03-10T22:44:59+00:00\",\"dateModified\":\"2023-03-16T17:04:48+00:00\",\"breadcrumb\":{\"@id\":\"https:\/\/www.emboldcu.org\/blog\/announcements\/honoring-our-roots-david-d-spear\/#breadcrumb\"},\"inLanguage\":\"es-ES\",\"potentialAction\":[{\"@type\":\"ReadAction\",\"target\":[\"https:\/\/www.emboldcu.org\/blog\/announcements\/honoring-our-roots-david-d-spear\/\"]}]},{\"@type\":\"ImageObject\",\"inLanguage\":\"es-ES\",\"@id\":\"https:\/\/www.emboldcu.org\/blog\/announcements\/honoring-our-roots-david-d-spear\/#primaryimage\",\"url\":\"https:\/\/www.emboldcu.org\/wp-content\/uploads\/2022\/04\/Q1-Blog-post-Mt-Hood-Fall-trees-2020.jpg\",\"contentUrl\":\"https:\/\/www.emboldcu.org\/wp-content\/uploads\/2022\/04\/Q1-Blog-post-Mt-Hood-Fall-trees-2020.jpg\",\"width\":450,\"height\":300,\"caption\":\"Mt. Hood\"},{\"@type\":\"BreadcrumbList\",\"@id\":\"https:\/\/www.emboldcu.org\/blog\/announcements\/honoring-our-roots-david-d-spear\/#breadcrumb\",\"itemListElement\":[{\"@type\":\"ListItem\",\"position\":1,\"name\":\"Home\",\"item\":\"https:\/\/www.emboldcu.org\/\"},{\"@type\":\"ListItem\",\"position\":2,\"name\":\"Honoring our Roots: David D. Spear\"}]},{\"@type\":\"WebSite\",\"@id\":\"https:\/\/www.emboldcu.org\/#website\",\"url\":\"https:\/\/www.emboldcu.org\/\",\"name\":\"Embold Credit Union\",\"description\":\"We\u2019ve got your back at Embold\",\"publisher\":{\"@id\":\"https:\/\/www.emboldcu.org\/#organization\"},\"potentialAction\":[{\"@type\":\"SearchAction\",\"target\":{\"@type\":\"EntryPoint\",\"urlTemplate\":\"https:\/\/www.emboldcu.org\/?s={search_term_string}\"},\"query-input\":{\"@type\":\"PropertyValueSpecification\",\"valueRequired\":true,\"valueName\":\"search_term_string\"}}],\"inLanguage\":\"es-ES\"},{\"@type\":\"Organization\",\"@id\":\"https:\/\/www.emboldcu.org\/#organization\",\"name\":\"Embold Credit Union\",\"url\":\"https:\/\/www.emboldcu.org\/\",\"logo\":{\"@type\":\"ImageObject\",\"inLanguage\":\"es-ES\",\"@id\":\"https:\/\/www.emboldcu.org\/#\/schema\/logo\/image\/\",\"url\":\"https:\/\/www.emboldcu.org\/wp-content\/uploads\/2023\/03\/Embold_XDI_Email_footer.jpg\",\"contentUrl\":\"https:\/\/www.emboldcu.org\/wp-content\/uploads\/2023\/03\/Embold_XDI_Email_footer.jpg\",\"width\":348,\"height\":179,\"caption\":\"Embold Credit Union\"},\"image\":{\"@id\":\"https:\/\/www.emboldcu.org\/#\/schema\/logo\/image\/\"},\"sameAs\":[\"https:\/\/www.facebook.com\/emboldcu\",\"https:\/\/x.com\/emboldcu\"]},{\"@type\":\"Person\",\"@id\":\"https:\/\/www.emboldcu.org\/#\/schema\/person\/b50ab7a54ab5f96cd42738688e12de29\",\"name\":\"hilary\",\"url\":\"https:\/\/www.emboldcu.org\/es\/blog\/author\/hilary\/\"}]}<\/script>\n<!-- \/ Yoast SEO Premium plugin. -->","yoast_head_json":{"title":"Honrando nuestras ra\u00edces: David D. Spear | Embold Credit Union","robots":{"index":"index","follow":"follow","max-snippet":"max-snippet:-1","max-image-preview":"max-image-preview:large","max-video-preview":"max-video-preview:-1"},"canonical":"https:\/\/www.emboldcu.org\/es\/blog\/announcements\/honoring-our-roots-david-d-spear\/","og_locale":"es_ES","og_type":"article","og_title":"Honoring our Roots: David D. Spear","og_description":"In 1950, a young GI named David Spear was discharged from military service and came home to Oregon City. David began working for the Clackamas County Sheriff\u2019s Office as a\u2026 Read more","og_url":"https:\/\/www.emboldcu.org\/es\/blog\/announcements\/honoring-our-roots-david-d-spear\/","og_site_name":"Embold Credit Union","article_publisher":"https:\/\/www.facebook.com\/emboldcu","article_published_time":"2023-03-10T22:44:59+00:00","article_modified_time":"2023-03-16T17:04:48+00:00","og_image":[{"width":450,"height":300,"url":"https:\/\/www.emboldcu.org\/wp-content\/uploads\/2022\/04\/Q1-Blog-post-Mt-Hood-Fall-trees-2020.jpg","type":"image\/jpeg"}],"author":"hilary","twitter_card":"summary_large_image","twitter_creator":"@emboldcu","twitter_site":"@emboldcu","twitter_misc":{"Written by":"hilary","Est. reading time":"3 minutos"},"schema":{"@context":"https:\/\/schema.org","@graph":[{"@type":"Article","@id":"https:\/\/www.emboldcu.org\/blog\/announcements\/honoring-our-roots-david-d-spear\/#article","isPartOf":{"@id":"https:\/\/www.emboldcu.org\/blog\/announcements\/honoring-our-roots-david-d-spear\/"},"author":{"name":"hilary","@id":"https:\/\/www.emboldcu.org\/#\/schema\/person\/b50ab7a54ab5f96cd42738688e12de29"},"headline":"Honoring our Roots: David D. Spear","datePublished":"2023-03-10T22:44:59+00:00","dateModified":"2023-03-16T17:04:48+00:00","mainEntityOfPage":{"@id":"https:\/\/www.emboldcu.org\/blog\/announcements\/honoring-our-roots-david-d-spear\/"},"wordCount":516,"publisher":{"@id":"https:\/\/www.emboldcu.org\/#organization"},"image":{"@id":"https:\/\/www.emboldcu.org\/blog\/announcements\/honoring-our-roots-david-d-spear\/#primaryimage"},"thumbnailUrl":"https:\/\/www.emboldcu.org\/wp-content\/uploads\/2022\/04\/Q1-Blog-post-Mt-Hood-Fall-trees-2020.jpg","articleSection":["Announcements","Community"],"inLanguage":"es-ES"},{"@type":"WebPage","@id":"https:\/\/www.emboldcu.org\/blog\/announcements\/honoring-our-roots-david-d-spear\/","url":"https:\/\/www.emboldcu.org\/blog\/announcements\/honoring-our-roots-david-d-spear\/","name":"Honrando nuestras ra\u00edces: David D. Spear | Embold Credit Union","isPartOf":{"@id":"https:\/\/www.emboldcu.org\/#website"},"primaryImageOfPage":{"@id":"https:\/\/www.emboldcu.org\/blog\/announcements\/honoring-our-roots-david-d-spear\/#primaryimage"},"image":{"@id":"https:\/\/www.emboldcu.org\/blog\/announcements\/honoring-our-roots-david-d-spear\/#primaryimage"},"thumbnailUrl":"https:\/\/www.emboldcu.org\/wp-content\/uploads\/2022\/04\/Q1-Blog-post-Mt-Hood-Fall-trees-2020.jpg","datePublished":"2023-03-10T22:44:59+00:00","dateModified":"2023-03-16T17:04:48+00:00","breadcrumb":{"@id":"https:\/\/www.emboldcu.org\/blog\/announcements\/honoring-our-roots-david-d-spear\/#breadcrumb"},"inLanguage":"es-ES","potentialAction":[{"@type":"ReadAction","target":["https:\/\/www.emboldcu.org\/blog\/announcements\/honoring-our-roots-david-d-spear\/"]}]},{"@type":"ImageObject","inLanguage":"es-ES","@id":"https:\/\/www.emboldcu.org\/blog\/announcements\/honoring-our-roots-david-d-spear\/#primaryimage","url":"https:\/\/www.emboldcu.org\/wp-content\/uploads\/2022\/04\/Q1-Blog-post-Mt-Hood-Fall-trees-2020.jpg","contentUrl":"https:\/\/www.emboldcu.org\/wp-content\/uploads\/2022\/04\/Q1-Blog-post-Mt-Hood-Fall-trees-2020.jpg","width":450,"height":300,"caption":"Mt. Hood"},{"@type":"BreadcrumbList","@id":"https:\/\/www.emboldcu.org\/blog\/announcements\/honoring-our-roots-david-d-spear\/#breadcrumb","itemListElement":[{"@type":"ListItem","position":1,"name":"Home","item":"https:\/\/www.emboldcu.org\/"},{"@type":"ListItem","position":2,"name":"Honoring our Roots: David D. Spear"}]},{"@type":"WebSite","@id":"https:\/\/www.emboldcu.org\/#website","url":"https:\/\/www.emboldcu.org\/","name":"Cooperativa de cr\u00e9dito Embold","description":"En Embold te cubrimos las espaldas","publisher":{"@id":"https:\/\/www.emboldcu.org\/#organization"},"potentialAction":[{"@type":"SearchAction","target":{"@type":"EntryPoint","urlTemplate":"https:\/\/www.emboldcu.org\/?s={search_term_string}"},"query-input":{"@type":"PropertyValueSpecification","valueRequired":true,"valueName":"search_term_string"}}],"inLanguage":"es-ES"},{"@type":"Organization","@id":"https:\/\/www.emboldcu.org\/#organization","name":"Cooperativa de cr\u00e9dito Embold","url":"https:\/\/www.emboldcu.org\/","logo":{"@type":"ImageObject","inLanguage":"es-ES","@id":"https:\/\/www.emboldcu.org\/#\/schema\/logo\/image\/","url":"https:\/\/www.emboldcu.org\/wp-content\/uploads\/2023\/03\/Embold_XDI_Email_footer.jpg","contentUrl":"https:\/\/www.emboldcu.org\/wp-content\/uploads\/2023\/03\/Embold_XDI_Email_footer.jpg","width":348,"height":179,"caption":"Embold Credit Union"},"image":{"@id":"https:\/\/www.emboldcu.org\/#\/schema\/logo\/image\/"},"sameAs":["https:\/\/www.facebook.com\/emboldcu","https:\/\/x.com\/emboldcu"]},{"@type":"Person","@id":"https:\/\/www.emboldcu.org\/#\/schema\/person\/b50ab7a54ab5f96cd42738688e12de29","name":"Hilario","url":"https:\/\/www.emboldcu.org\/es\/blog\/author\/hilary\/"}]}},"_links":{"self":[{"href":"https:\/\/www.emboldcu.org\/es\/wp-json\/wp\/v2\/posts\/7961","targetHints":{"allow":["GET"]}}],"collection":[{"href":"https:\/\/www.emboldcu.org\/es\/wp-json\/wp\/v2\/posts"}],"about":[{"href":"https:\/\/www.emboldcu.org\/es\/wp-json\/wp\/v2\/types\/post"}],"author":[{"embeddable":true,"href":"https:\/\/www.emboldcu.org\/es\/wp-json\/wp\/v2\/users\/9"}],"replies":[{"embeddable":true,"href":"https:\/\/www.emboldcu.org\/es\/wp-json\/wp\/v2\/comments?post=7961"}],"version-history":[{"count":10,"href":"https:\/\/www.emboldcu.org\/es\/wp-json\/wp\/v2\/posts\/7961\/revisions"}],"predecessor-version":[{"id":8030,"href":"https:\/\/www.emboldcu.org\/es\/wp-json\/wp\/v2\/posts\/7961\/revisions\/8030"}],"wp:featuredmedia":[{"embeddable":true,"href":"https:\/\/www.emboldcu.org\/es\/wp-json\/wp\/v2\/media\/7909"}],"wp:attachment":[{"href":"https:\/\/www.emboldcu.org\/es\/wp-json\/wp\/v2\/media?parent=7961"}],"wp:term":[{"taxonomy":"category","embeddable":true,"href":"https:\/\/www.emboldcu.org\/es\/wp-json\/wp\/v2\/categories?post=7961"},{"taxonomy":"post_tag","embeddable":true,"href":"https:\/\/www.emboldcu.org\/es\/wp-json\/wp\/v2\/tags?post=7961"}],"curies":[{"name":"wp","href":"https:\/\/api.w.org\/{rel}","templated":true}]}}