{"id":8585,"date":"2023-06-15T10:34:38","date_gmt":"2023-06-15T17:34:38","guid":{"rendered":"https:\/\/www.emboldcu.org\/?p=8585"},"modified":"2023-09-13T12:53:30","modified_gmt":"2023-09-13T19:53:30","slug":"2023-annual-meeting-and-annual-report","status":"publish","type":"post","link":"https:\/\/www.emboldcu.org\/es\/blog\/annual-reports\/2023-annual-meeting-and-annual-report\/","title":{"rendered":"Reuni\u00f3n Anual 2023 e Informe Anual"},"content":{"rendered":"<p>Nuestra Reuni\u00f3n Anual se llev\u00f3 a cabo el 23 de mayo. Esta reuni\u00f3n es nuestra oportunidad de conectarnos con ustedes, nuestros miembros, y mantenerlos informados sobre la seguridad financiera de su cooperativa de ahorro y cr\u00e9dito y los diferentes proyectos e iniciativas en los que estamos trabajando. Embold ha estado arraigado en nuestra comunidad local de Oreg\u00f3n durante m\u00e1s de 65 a\u00f1os, y esperamos seguir sirvi\u00e9ndole durante muchos a\u00f1os m\u00e1s.<\/p>\n<p><span class=\"bold\"><strong><a href=\"https:\/\/www.youtube.com\/watch?v=Gv2esAqEzZQ\">haga clic aqu\u00ed<\/a> <\/strong><\/span>para ver la grabaci\u00f3n y obtener m\u00e1s informaci\u00f3n sobre su cooperativa de ahorro y cr\u00e9dito.<\/p>\n<p>\u00a1Consulte nuestro Informe Anual 2023!<span class=\"bold\"><strong> <a href=\"https:\/\/www.emboldcu.org\/wp-content\/uploads\/2023\/06\/2022-Embold-Annual-Report-Spreads.pdf\">haga clic aqu\u00ed<\/a> <\/strong><\/span>para leerlo en ingles. <span class=\"bold\"><a href=\"https:\/\/www.emboldcu.org\/wp-content\/uploads\/2023\/06\/SPANISH_2022-Annual-Report_PRINT.pdf\">haga clic aqu\u00ed<\/a><\/span> para leerlo en espa\u00f1ol.<\/p>","protected":false},"excerpt":{"rendered":"<p>Nuestra Reuni\u00f3n Anual se llev\u00f3 a cabo el 23 de mayo. Esta reuni\u00f3n es nuestra oportunidad de conectarnos con ustedes, nuestros miembros, y mantenerlos informados sobre la seguridad financiera de su cr\u00e9dito\u2026 <a href=\"https:\/\/www.emboldcu.org\/es\/blog\/annual-reports\/2023-annual-meeting-and-annual-report\/\">Lee mas<\/a><\/p>","protected":false},"author":9,"featured_media":3508,"comment_status":"closed","ping_status":"closed","sticky":false,"template":"","format":"standard","meta":{"_acf_changed":false,"footnotes":""},"categories":[8,3335,13],"tags":[],"class_list":["post-8585","post","type-post","status-publish","format-standard","has-post-thumbnail","hentry","category-announcements","category-annual-reports","category-community"],"acf":[],"yoast_head":"<!-- This site is optimized with the Yoast SEO Premium plugin v27.2 (Yoast SEO v27.2) - https:\/\/yoast.com\/product\/yoast-seo-premium-wordpress\/ -->\n<title>2023 Annual Meeting and Annual Report | Embold Credit Union<\/title>\n<meta name=\"robots\" content=\"index, follow, max-snippet:-1, max-image-preview:large, max-video-preview:-1\" \/>\n<link rel=\"canonical\" href=\"https:\/\/www.emboldcu.org\/es\/blog\/annual-reports\/2023-annual-meeting-and-annual-report\/\" \/>\n<meta property=\"og:locale\" content=\"es_ES\" \/>\n<meta property=\"og:type\" content=\"article\" \/>\n<meta property=\"og:title\" content=\"2023 Annual Meeting and Annual Report\" \/>\n<meta property=\"og:description\" content=\"Our Annual Meeting was held on May 23. This meeting is our opportunity to connect with you, our members, and keep you informed of the financial security of your credit\u2026 Read more\" \/>\n<meta property=\"og:url\" content=\"https:\/\/www.emboldcu.org\/es\/blog\/annual-reports\/2023-annual-meeting-and-annual-report\/\" \/>\n<meta property=\"og:site_name\" content=\"Embold Credit Union\" \/>\n<meta property=\"article:publisher\" content=\"https:\/\/www.facebook.com\/emboldcu\" \/>\n<meta property=\"article:published_time\" content=\"2023-06-15T17:34:38+00:00\" \/>\n<meta property=\"article:modified_time\" content=\"2023-09-13T19:53:30+00:00\" \/>\n<meta property=\"og:image\" content=\"https:\/\/www.emboldcu.org\/wp-content\/uploads\/2018\/03\/Forest-628248708-BlogImagery.jpg\" \/>\n\t<meta property=\"og:image:width\" content=\"450\" \/>\n\t<meta property=\"og:image:height\" content=\"300\" \/>\n\t<meta property=\"og:image:type\" content=\"image\/jpeg\" \/>\n<meta name=\"author\" content=\"hilary\" \/>\n<meta name=\"twitter:card\" content=\"summary_large_image\" \/>\n<meta name=\"twitter:creator\" content=\"@emboldcu\" \/>\n<meta name=\"twitter:site\" content=\"@emboldcu\" \/>\n<meta name=\"twitter:label1\" content=\"Written by\" \/>\n\t<meta name=\"twitter:data1\" content=\"hilary\" \/>\n\t<meta name=\"twitter:label2\" content=\"Est. reading time\" \/>\n\t<meta name=\"twitter:data2\" content=\"1 minuto\" \/>\n<script type=\"application\/ld+json\" class=\"yoast-schema-graph\">{\"@context\":\"https:\/\/schema.org\",\"@graph\":[{\"@type\":\"Article\",\"@id\":\"https:\/\/www.emboldcu.org\/blog\/annual-reports\/2023-annual-meeting-and-annual-report\/#article\",\"isPartOf\":{\"@id\":\"https:\/\/www.emboldcu.org\/blog\/annual-reports\/2023-annual-meeting-and-annual-report\/\"},\"author\":{\"name\":\"hilary\",\"@id\":\"https:\/\/www.emboldcu.org\/#\/schema\/person\/b50ab7a54ab5f96cd42738688e12de29\"},\"headline\":\"2023 Annual Meeting and Annual Report\",\"datePublished\":\"2023-06-15T17:34:38+00:00\",\"dateModified\":\"2023-09-13T19:53:30+00:00\",\"mainEntityOfPage\":{\"@id\":\"https:\/\/www.emboldcu.org\/blog\/annual-reports\/2023-annual-meeting-and-annual-report\/\"},\"wordCount\":101,\"publisher\":{\"@id\":\"https:\/\/www.emboldcu.org\/#organization\"},\"image\":{\"@id\":\"https:\/\/www.emboldcu.org\/blog\/annual-reports\/2023-annual-meeting-and-annual-report\/#primaryimage\"},\"thumbnailUrl\":\"https:\/\/www.emboldcu.org\/wp-content\/uploads\/2018\/03\/Forest-628248708-BlogImagery.jpg\",\"articleSection\":[\"Announcements\",\"Annual Reports\",\"Community\"],\"inLanguage\":\"es-ES\"},{\"@type\":\"WebPage\",\"@id\":\"https:\/\/www.emboldcu.org\/blog\/annual-reports\/2023-annual-meeting-and-annual-report\/\",\"url\":\"https:\/\/www.emboldcu.org\/blog\/annual-reports\/2023-annual-meeting-and-annual-report\/\",\"name\":\"2023 Annual Meeting and Annual Report | Embold Credit Union\",\"isPartOf\":{\"@id\":\"https:\/\/www.emboldcu.org\/#website\"},\"primaryImageOfPage\":{\"@id\":\"https:\/\/www.emboldcu.org\/blog\/annual-reports\/2023-annual-meeting-and-annual-report\/#primaryimage\"},\"image\":{\"@id\":\"https:\/\/www.emboldcu.org\/blog\/annual-reports\/2023-annual-meeting-and-annual-report\/#primaryimage\"},\"thumbnailUrl\":\"https:\/\/www.emboldcu.org\/wp-content\/uploads\/2018\/03\/Forest-628248708-BlogImagery.jpg\",\"datePublished\":\"2023-06-15T17:34:38+00:00\",\"dateModified\":\"2023-09-13T19:53:30+00:00\",\"breadcrumb\":{\"@id\":\"https:\/\/www.emboldcu.org\/blog\/annual-reports\/2023-annual-meeting-and-annual-report\/#breadcrumb\"},\"inLanguage\":\"es-ES\",\"potentialAction\":[{\"@type\":\"ReadAction\",\"target\":[\"https:\/\/www.emboldcu.org\/blog\/annual-reports\/2023-annual-meeting-and-annual-report\/\"]}]},{\"@type\":\"ImageObject\",\"inLanguage\":\"es-ES\",\"@id\":\"https:\/\/www.emboldcu.org\/blog\/annual-reports\/2023-annual-meeting-and-annual-report\/#primaryimage\",\"url\":\"https:\/\/www.emboldcu.org\/wp-content\/uploads\/2018\/03\/Forest-628248708-BlogImagery.jpg\",\"contentUrl\":\"https:\/\/www.emboldcu.org\/wp-content\/uploads\/2018\/03\/Forest-628248708-BlogImagery.jpg\",\"width\":450,\"height\":300,\"caption\":\"Blog photo\"},{\"@type\":\"BreadcrumbList\",\"@id\":\"https:\/\/www.emboldcu.org\/blog\/annual-reports\/2023-annual-meeting-and-annual-report\/#breadcrumb\",\"itemListElement\":[{\"@type\":\"ListItem\",\"position\":1,\"name\":\"Home\",\"item\":\"https:\/\/www.emboldcu.org\/\"},{\"@type\":\"ListItem\",\"position\":2,\"name\":\"2023 Annual Meeting and Annual Report\"}]},{\"@type\":\"WebSite\",\"@id\":\"https:\/\/www.emboldcu.org\/#website\",\"url\":\"https:\/\/www.emboldcu.org\/\",\"name\":\"Embold Credit Union\",\"description\":\"We\u2019ve got your back at Embold\",\"publisher\":{\"@id\":\"https:\/\/www.emboldcu.org\/#organization\"},\"potentialAction\":[{\"@type\":\"SearchAction\",\"target\":{\"@type\":\"EntryPoint\",\"urlTemplate\":\"https:\/\/www.emboldcu.org\/?s={search_term_string}\"},\"query-input\":{\"@type\":\"PropertyValueSpecification\",\"valueRequired\":true,\"valueName\":\"search_term_string\"}}],\"inLanguage\":\"es-ES\"},{\"@type\":\"Organization\",\"@id\":\"https:\/\/www.emboldcu.org\/#organization\",\"name\":\"Embold Credit Union\",\"url\":\"https:\/\/www.emboldcu.org\/\",\"logo\":{\"@type\":\"ImageObject\",\"inLanguage\":\"es-ES\",\"@id\":\"https:\/\/www.emboldcu.org\/#\/schema\/logo\/image\/\",\"url\":\"https:\/\/www.emboldcu.org\/wp-content\/uploads\/2023\/03\/Embold_XDI_Email_footer.jpg\",\"contentUrl\":\"https:\/\/www.emboldcu.org\/wp-content\/uploads\/2023\/03\/Embold_XDI_Email_footer.jpg\",\"width\":348,\"height\":179,\"caption\":\"Embold Credit Union\"},\"image\":{\"@id\":\"https:\/\/www.emboldcu.org\/#\/schema\/logo\/image\/\"},\"sameAs\":[\"https:\/\/www.facebook.com\/emboldcu\",\"https:\/\/x.com\/emboldcu\"]},{\"@type\":\"Person\",\"@id\":\"https:\/\/www.emboldcu.org\/#\/schema\/person\/b50ab7a54ab5f96cd42738688e12de29\",\"name\":\"hilary\",\"url\":\"https:\/\/www.emboldcu.org\/es\/blog\/author\/hilary\/\"}]}<\/script>\n<!-- \/ Yoast SEO Premium plugin. -->","yoast_head_json":{"title":"2023 Annual Meeting and Annual Report | Embold Credit Union","robots":{"index":"index","follow":"follow","max-snippet":"max-snippet:-1","max-image-preview":"max-image-preview:large","max-video-preview":"max-video-preview:-1"},"canonical":"https:\/\/www.emboldcu.org\/es\/blog\/annual-reports\/2023-annual-meeting-and-annual-report\/","og_locale":"es_ES","og_type":"article","og_title":"2023 Annual Meeting and Annual Report","og_description":"Our Annual Meeting was held on May 23. This meeting is our opportunity to connect with you, our members, and keep you informed of the financial security of your credit\u2026 Read more","og_url":"https:\/\/www.emboldcu.org\/es\/blog\/annual-reports\/2023-annual-meeting-and-annual-report\/","og_site_name":"Embold Credit Union","article_publisher":"https:\/\/www.facebook.com\/emboldcu","article_published_time":"2023-06-15T17:34:38+00:00","article_modified_time":"2023-09-13T19:53:30+00:00","og_image":[{"width":450,"height":300,"url":"https:\/\/www.emboldcu.org\/wp-content\/uploads\/2018\/03\/Forest-628248708-BlogImagery.jpg","type":"image\/jpeg"}],"author":"hilary","twitter_card":"summary_large_image","twitter_creator":"@emboldcu","twitter_site":"@emboldcu","twitter_misc":{"Written by":"hilary","Est. reading time":"1 minuto"},"schema":{"@context":"https:\/\/schema.org","@graph":[{"@type":"Article","@id":"https:\/\/www.emboldcu.org\/blog\/annual-reports\/2023-annual-meeting-and-annual-report\/#article","isPartOf":{"@id":"https:\/\/www.emboldcu.org\/blog\/annual-reports\/2023-annual-meeting-and-annual-report\/"},"author":{"name":"hilary","@id":"https:\/\/www.emboldcu.org\/#\/schema\/person\/b50ab7a54ab5f96cd42738688e12de29"},"headline":"2023 Annual Meeting and Annual Report","datePublished":"2023-06-15T17:34:38+00:00","dateModified":"2023-09-13T19:53:30+00:00","mainEntityOfPage":{"@id":"https:\/\/www.emboldcu.org\/blog\/annual-reports\/2023-annual-meeting-and-annual-report\/"},"wordCount":101,"publisher":{"@id":"https:\/\/www.emboldcu.org\/#organization"},"image":{"@id":"https:\/\/www.emboldcu.org\/blog\/annual-reports\/2023-annual-meeting-and-annual-report\/#primaryimage"},"thumbnailUrl":"https:\/\/www.emboldcu.org\/wp-content\/uploads\/2018\/03\/Forest-628248708-BlogImagery.jpg","articleSection":["Announcements","Annual Reports","Community"],"inLanguage":"es-ES"},{"@type":"WebPage","@id":"https:\/\/www.emboldcu.org\/blog\/annual-reports\/2023-annual-meeting-and-annual-report\/","url":"https:\/\/www.emboldcu.org\/blog\/annual-reports\/2023-annual-meeting-and-annual-report\/","name":"2023 Annual Meeting and Annual Report | Embold Credit Union","isPartOf":{"@id":"https:\/\/www.emboldcu.org\/#website"},"primaryImageOfPage":{"@id":"https:\/\/www.emboldcu.org\/blog\/annual-reports\/2023-annual-meeting-and-annual-report\/#primaryimage"},"image":{"@id":"https:\/\/www.emboldcu.org\/blog\/annual-reports\/2023-annual-meeting-and-annual-report\/#primaryimage"},"thumbnailUrl":"https:\/\/www.emboldcu.org\/wp-content\/uploads\/2018\/03\/Forest-628248708-BlogImagery.jpg","datePublished":"2023-06-15T17:34:38+00:00","dateModified":"2023-09-13T19:53:30+00:00","breadcrumb":{"@id":"https:\/\/www.emboldcu.org\/blog\/annual-reports\/2023-annual-meeting-and-annual-report\/#breadcrumb"},"inLanguage":"es-ES","potentialAction":[{"@type":"ReadAction","target":["https:\/\/www.emboldcu.org\/blog\/annual-reports\/2023-annual-meeting-and-annual-report\/"]}]},{"@type":"ImageObject","inLanguage":"es-ES","@id":"https:\/\/www.emboldcu.org\/blog\/annual-reports\/2023-annual-meeting-and-annual-report\/#primaryimage","url":"https:\/\/www.emboldcu.org\/wp-content\/uploads\/2018\/03\/Forest-628248708-BlogImagery.jpg","contentUrl":"https:\/\/www.emboldcu.org\/wp-content\/uploads\/2018\/03\/Forest-628248708-BlogImagery.jpg","width":450,"height":300,"caption":"Blog photo"},{"@type":"BreadcrumbList","@id":"https:\/\/www.emboldcu.org\/blog\/annual-reports\/2023-annual-meeting-and-annual-report\/#breadcrumb","itemListElement":[{"@type":"ListItem","position":1,"name":"Home","item":"https:\/\/www.emboldcu.org\/"},{"@type":"ListItem","position":2,"name":"2023 Annual Meeting and Annual Report"}]},{"@type":"WebSite","@id":"https:\/\/www.emboldcu.org\/#website","url":"https:\/\/www.emboldcu.org\/","name":"Cooperativa de cr\u00e9dito Embold","description":"En Embold te cubrimos las espaldas","publisher":{"@id":"https:\/\/www.emboldcu.org\/#organization"},"potentialAction":[{"@type":"SearchAction","target":{"@type":"EntryPoint","urlTemplate":"https:\/\/www.emboldcu.org\/?s={search_term_string}"},"query-input":{"@type":"PropertyValueSpecification","valueRequired":true,"valueName":"search_term_string"}}],"inLanguage":"es-ES"},{"@type":"Organization","@id":"https:\/\/www.emboldcu.org\/#organization","name":"Cooperativa de cr\u00e9dito Embold","url":"https:\/\/www.emboldcu.org\/","logo":{"@type":"ImageObject","inLanguage":"es-ES","@id":"https:\/\/www.emboldcu.org\/#\/schema\/logo\/image\/","url":"https:\/\/www.emboldcu.org\/wp-content\/uploads\/2023\/03\/Embold_XDI_Email_footer.jpg","contentUrl":"https:\/\/www.emboldcu.org\/wp-content\/uploads\/2023\/03\/Embold_XDI_Email_footer.jpg","width":348,"height":179,"caption":"Embold Credit Union"},"image":{"@id":"https:\/\/www.emboldcu.org\/#\/schema\/logo\/image\/"},"sameAs":["https:\/\/www.facebook.com\/emboldcu","https:\/\/x.com\/emboldcu"]},{"@type":"Person","@id":"https:\/\/www.emboldcu.org\/#\/schema\/person\/b50ab7a54ab5f96cd42738688e12de29","name":"Hilario","url":"https:\/\/www.emboldcu.org\/es\/blog\/author\/hilary\/"}]}},"_links":{"self":[{"href":"https:\/\/www.emboldcu.org\/es\/wp-json\/wp\/v2\/posts\/8585","targetHints":{"allow":["GET"]}}],"collection":[{"href":"https:\/\/www.emboldcu.org\/es\/wp-json\/wp\/v2\/posts"}],"about":[{"href":"https:\/\/www.emboldcu.org\/es\/wp-json\/wp\/v2\/types\/post"}],"author":[{"embeddable":true,"href":"https:\/\/www.emboldcu.org\/es\/wp-json\/wp\/v2\/users\/9"}],"replies":[{"embeddable":true,"href":"https:\/\/www.emboldcu.org\/es\/wp-json\/wp\/v2\/comments?post=8585"}],"version-history":[{"count":6,"href":"https:\/\/www.emboldcu.org\/es\/wp-json\/wp\/v2\/posts\/8585\/revisions"}],"predecessor-version":[{"id":9131,"href":"https:\/\/www.emboldcu.org\/es\/wp-json\/wp\/v2\/posts\/8585\/revisions\/9131"}],"wp:featuredmedia":[{"embeddable":true,"href":"https:\/\/www.emboldcu.org\/es\/wp-json\/wp\/v2\/media\/3508"}],"wp:attachment":[{"href":"https:\/\/www.emboldcu.org\/es\/wp-json\/wp\/v2\/media?parent=8585"}],"wp:term":[{"taxonomy":"category","embeddable":true,"href":"https:\/\/www.emboldcu.org\/es\/wp-json\/wp\/v2\/categories?post=8585"},{"taxonomy":"post_tag","embeddable":true,"href":"https:\/\/www.emboldcu.org\/es\/wp-json\/wp\/v2\/tags?post=8585"}],"curies":[{"name":"wp","href":"https:\/\/api.w.org\/{rel}","templated":true}]}}