{"id":9005,"date":"2023-08-30T08:22:43","date_gmt":"2023-08-30T15:22:43","guid":{"rendered":"https:\/\/www.emboldcu.org\/?p=9005"},"modified":"2023-09-07T18:19:02","modified_gmt":"2023-09-08T01:19:02","slug":"embold-credit-union-earns-juntos-avanzamos-designation","status":"publish","type":"post","link":"https:\/\/www.emboldcu.org\/es\/blog\/press-releases\/embold-credit-union-earns-juntos-avanzamos-designation\/","title":{"rendered":"Embold Credit Union obtiene la designaci\u00f3n de Juntos Avanzamos"},"content":{"rendered":"<p><img loading=\"lazy\" decoding=\"async\" class=\"size-medium wp-image-9006 alignright\" src=\"https:\/\/www.emboldcu.org\/wp-content\/uploads\/2023\/08\/IMG_0957-405x540.jpeg\" alt=\"embold ceo and inclusiv holding certificate\" width=\"405\" height=\"540\" srcset=\"https:\/\/www.emboldcu.org\/wp-content\/uploads\/2023\/08\/IMG_0957-405x540.jpeg 405w, https:\/\/www.emboldcu.org\/wp-content\/uploads\/2023\/08\/IMG_0957-548x730.jpeg 548w, https:\/\/www.emboldcu.org\/wp-content\/uploads\/2023\/08\/IMG_0957-768x1024.jpeg 768w, https:\/\/www.emboldcu.org\/wp-content\/uploads\/2023\/08\/IMG_0957-1152x1536.jpeg 1152w, https:\/\/www.emboldcu.org\/wp-content\/uploads\/2023\/08\/IMG_0957-1536x2048.jpeg 1536w, https:\/\/www.emboldcu.org\/wp-content\/uploads\/2023\/08\/IMG_0957-9x12.jpeg 9w, https:\/\/www.emboldcu.org\/wp-content\/uploads\/2023\/08\/IMG_0957-297x396.jpeg 297w, https:\/\/www.emboldcu.org\/wp-content\/uploads\/2023\/08\/IMG_0957-630x840.jpeg 630w, https:\/\/www.emboldcu.org\/wp-content\/uploads\/2023\/08\/IMG_0957-56x75.jpeg 56w, https:\/\/www.emboldcu.org\/wp-content\/uploads\/2023\/08\/IMG_0957-scaled.jpeg 1920w\" sizes=\"auto, (max-width: 405px) 100vw, 405px\" \/>En Embold, estamos comprometidos a servir y empoderar a las comunidades hispanas en nuestra \u00e1rea de servicio de seis condados y acabamos de obtener una designaci\u00f3n de Juntos Avanzamos de nuestros socios afiliados en Inclusiv, un intermediario CDFI certificado cuya misi\u00f3n es ayudar a las comunidades financieramente desatendidas a lograr independencia financiera a trav\u00e9s de cooperativas de cr\u00e9dito.<\/p>\n<p>Juntos Avanzamos (\u201cJuntos Avanzamos\u201d) es una designaci\u00f3n para cooperativas de cr\u00e9dito comprometidas a servir y empoderar a los consumidores hispanos e inmigrantes, ayud\u00e1ndolos a navegar por el sistema financiero de los EE. UU. y brind\u00e1ndoles servicios financieros seguros, asequibles y relevantes. Las cooperativas de cr\u00e9dito Juntos Avanzamos emplean personal y l\u00edderes biling\u00fces y culturalmente competentes, aceptan formas alternativas de identificaci\u00f3n y tratan a todos sus miembros con respeto, independientemente de su estatus migratorio.<\/p>\n<p>Nos sentimos honrados de ser designados por Juntos Avanzamos en el espacio de las cooperativas de cr\u00e9dito. Esta prestigiosa designaci\u00f3n fue posible gracias a nuestro compromiso de brindar servicios financieros innovadores a las comunidades hispanas e inmigrantes en las que servimos, incluidos pr\u00e9stamos ITIN y programas de educaci\u00f3n financiera, servicios de traducci\u00f3n biling\u00fce proporcionados por un tercio de nuestro personal de primera l\u00ednea y documentos oficiales. y comunicaciones ofrecidas en espa\u00f1ol, adem\u00e1s de ingl\u00e9s.<\/p>\n<p>&quot;Estamos muy orgullosos y honrados de recibir este reconocimiento de nuestros socios de Juntos Avanzamos e Inclusiv&quot;, dice Aaron Goff, director ejecutivo. &quot;Es emocionante poder romper las barreras del idioma y empoderar a nuestras comunidades hispanas en Oreg\u00f3n para que alcancen sus metas financieras&quot;.<\/p>\n<p>Esperamos con ansias lo que depara el futuro para las comunidades hispanas e inmigrantes locales, y estamos comprometidos a mejorar y evolucionar continuamente para satisfacer las necesidades siempre cambiantes de todos nuestros miembros.<\/p>\n<p>&nbsp;<\/p>\n<p>&nbsp;<\/p>","protected":false},"excerpt":{"rendered":"<p>En Embold, estamos comprometidos a servir y empoderar a las comunidades hispanas en nuestra \u00e1rea de servicio de seis condados y acabamos de obtener una designaci\u00f3n de Juntos Avanzamos de nuestros socios afiliados en Inclusiv, un\u2026 <a href=\"https:\/\/www.emboldcu.org\/es\/blog\/press-releases\/embold-credit-union-earns-juntos-avanzamos-designation\/\">Lee mas<\/a><\/p>","protected":false},"author":32,"featured_media":9060,"comment_status":"closed","ping_status":"closed","sticky":false,"template":"","format":"standard","meta":{"_acf_changed":false,"footnotes":""},"categories":[8,7],"tags":[],"class_list":["post-9005","post","type-post","status-publish","format-standard","has-post-thumbnail","hentry","category-announcements","category-press-releases"],"acf":[],"yoast_head":"<!-- This site is optimized with the Yoast SEO Premium plugin v27.2 (Yoast SEO v27.2) - https:\/\/yoast.com\/product\/yoast-seo-premium-wordpress\/ -->\n<title>Embold Credit Union Earns Juntos Avanzamos Designation | Embold Credit Union<\/title>\n<meta name=\"robots\" content=\"index, follow, max-snippet:-1, max-image-preview:large, max-video-preview:-1\" \/>\n<link rel=\"canonical\" href=\"https:\/\/www.emboldcu.org\/es\/blog\/press-releases\/embold-credit-union-earns-juntos-avanzamos-designation\/\" \/>\n<meta property=\"og:locale\" content=\"es_ES\" \/>\n<meta property=\"og:type\" content=\"article\" \/>\n<meta property=\"og:title\" content=\"Embold Credit Union Earns Juntos Avanzamos Designation\" \/>\n<meta property=\"og:description\" content=\"At Embold, we&#8217;re committed to serving and empowering Hispanic communities in our six-county service area and we&#8217;ve just earned a Juntos Avanzamos designation from our affiliate partners at Inclusiv, a\u2026 Read more\" \/>\n<meta property=\"og:url\" content=\"https:\/\/www.emboldcu.org\/es\/blog\/press-releases\/embold-credit-union-earns-juntos-avanzamos-designation\/\" \/>\n<meta property=\"og:site_name\" content=\"Embold Credit Union\" \/>\n<meta property=\"article:publisher\" content=\"https:\/\/www.facebook.com\/emboldcu\" \/>\n<meta property=\"article:published_time\" content=\"2023-08-30T15:22:43+00:00\" \/>\n<meta property=\"article:modified_time\" content=\"2023-09-08T01:19:02+00:00\" \/>\n<meta property=\"og:image\" content=\"https:\/\/www.emboldcu.org\/wp-content\/uploads\/2023\/09\/juntos-avanzamos.png\" \/>\n\t<meta property=\"og:image:width\" content=\"450\" \/>\n\t<meta property=\"og:image:height\" content=\"300\" \/>\n\t<meta property=\"og:image:type\" content=\"image\/png\" \/>\n<meta name=\"author\" content=\"Derek Weber\" \/>\n<meta name=\"twitter:card\" content=\"summary_large_image\" \/>\n<meta name=\"twitter:creator\" content=\"@emboldcu\" \/>\n<meta name=\"twitter:site\" content=\"@emboldcu\" \/>\n<meta name=\"twitter:label1\" content=\"Written by\" \/>\n\t<meta name=\"twitter:data1\" content=\"Derek Weber\" \/>\n\t<meta name=\"twitter:label2\" content=\"Est. reading time\" \/>\n\t<meta name=\"twitter:data2\" content=\"2 minutos\" \/>\n<script type=\"application\/ld+json\" class=\"yoast-schema-graph\">{\"@context\":\"https:\/\/schema.org\",\"@graph\":[{\"@type\":\"Article\",\"@id\":\"https:\/\/www.emboldcu.org\/blog\/press-releases\/embold-credit-union-earns-juntos-avanzamos-designation\/#article\",\"isPartOf\":{\"@id\":\"https:\/\/www.emboldcu.org\/blog\/press-releases\/embold-credit-union-earns-juntos-avanzamos-designation\/\"},\"author\":{\"name\":\"Derek Weber\",\"@id\":\"https:\/\/www.emboldcu.org\/#\/schema\/person\/0957c9559576b33ac02d05f23037b12b\"},\"headline\":\"Embold Credit Union Earns Juntos Avanzamos Designation\",\"datePublished\":\"2023-08-30T15:22:43+00:00\",\"dateModified\":\"2023-09-08T01:19:02+00:00\",\"mainEntityOfPage\":{\"@id\":\"https:\/\/www.emboldcu.org\/blog\/press-releases\/embold-credit-union-earns-juntos-avanzamos-designation\/\"},\"wordCount\":263,\"publisher\":{\"@id\":\"https:\/\/www.emboldcu.org\/#organization\"},\"image\":{\"@id\":\"https:\/\/www.emboldcu.org\/blog\/press-releases\/embold-credit-union-earns-juntos-avanzamos-designation\/#primaryimage\"},\"thumbnailUrl\":\"https:\/\/www.emboldcu.org\/wp-content\/uploads\/2023\/09\/juntos-avanzamos.png\",\"articleSection\":[\"Announcements\",\"Press Releases\"],\"inLanguage\":\"es-ES\"},{\"@type\":\"WebPage\",\"@id\":\"https:\/\/www.emboldcu.org\/blog\/press-releases\/embold-credit-union-earns-juntos-avanzamos-designation\/\",\"url\":\"https:\/\/www.emboldcu.org\/blog\/press-releases\/embold-credit-union-earns-juntos-avanzamos-designation\/\",\"name\":\"Embold Credit Union Earns Juntos Avanzamos Designation | Embold Credit Union\",\"isPartOf\":{\"@id\":\"https:\/\/www.emboldcu.org\/#website\"},\"primaryImageOfPage\":{\"@id\":\"https:\/\/www.emboldcu.org\/blog\/press-releases\/embold-credit-union-earns-juntos-avanzamos-designation\/#primaryimage\"},\"image\":{\"@id\":\"https:\/\/www.emboldcu.org\/blog\/press-releases\/embold-credit-union-earns-juntos-avanzamos-designation\/#primaryimage\"},\"thumbnailUrl\":\"https:\/\/www.emboldcu.org\/wp-content\/uploads\/2023\/09\/juntos-avanzamos.png\",\"datePublished\":\"2023-08-30T15:22:43+00:00\",\"dateModified\":\"2023-09-08T01:19:02+00:00\",\"breadcrumb\":{\"@id\":\"https:\/\/www.emboldcu.org\/blog\/press-releases\/embold-credit-union-earns-juntos-avanzamos-designation\/#breadcrumb\"},\"inLanguage\":\"es-ES\",\"potentialAction\":[{\"@type\":\"ReadAction\",\"target\":[\"https:\/\/www.emboldcu.org\/blog\/press-releases\/embold-credit-union-earns-juntos-avanzamos-designation\/\"]}]},{\"@type\":\"ImageObject\",\"inLanguage\":\"es-ES\",\"@id\":\"https:\/\/www.emboldcu.org\/blog\/press-releases\/embold-credit-union-earns-juntos-avanzamos-designation\/#primaryimage\",\"url\":\"https:\/\/www.emboldcu.org\/wp-content\/uploads\/2023\/09\/juntos-avanzamos.png\",\"contentUrl\":\"https:\/\/www.emboldcu.org\/wp-content\/uploads\/2023\/09\/juntos-avanzamos.png\",\"width\":450,\"height\":300,\"caption\":\"juntos avanzamos hispanic flair design\"},{\"@type\":\"BreadcrumbList\",\"@id\":\"https:\/\/www.emboldcu.org\/blog\/press-releases\/embold-credit-union-earns-juntos-avanzamos-designation\/#breadcrumb\",\"itemListElement\":[{\"@type\":\"ListItem\",\"position\":1,\"name\":\"Home\",\"item\":\"https:\/\/www.emboldcu.org\/\"},{\"@type\":\"ListItem\",\"position\":2,\"name\":\"Embold Credit Union Earns Juntos Avanzamos Designation\"}]},{\"@type\":\"WebSite\",\"@id\":\"https:\/\/www.emboldcu.org\/#website\",\"url\":\"https:\/\/www.emboldcu.org\/\",\"name\":\"Embold Credit Union\",\"description\":\"We\u2019ve got your back at Embold\",\"publisher\":{\"@id\":\"https:\/\/www.emboldcu.org\/#organization\"},\"potentialAction\":[{\"@type\":\"SearchAction\",\"target\":{\"@type\":\"EntryPoint\",\"urlTemplate\":\"https:\/\/www.emboldcu.org\/?s={search_term_string}\"},\"query-input\":{\"@type\":\"PropertyValueSpecification\",\"valueRequired\":true,\"valueName\":\"search_term_string\"}}],\"inLanguage\":\"es-ES\"},{\"@type\":\"Organization\",\"@id\":\"https:\/\/www.emboldcu.org\/#organization\",\"name\":\"Embold Credit Union\",\"url\":\"https:\/\/www.emboldcu.org\/\",\"logo\":{\"@type\":\"ImageObject\",\"inLanguage\":\"es-ES\",\"@id\":\"https:\/\/www.emboldcu.org\/#\/schema\/logo\/image\/\",\"url\":\"https:\/\/www.emboldcu.org\/wp-content\/uploads\/2023\/03\/Embold_XDI_Email_footer.jpg\",\"contentUrl\":\"https:\/\/www.emboldcu.org\/wp-content\/uploads\/2023\/03\/Embold_XDI_Email_footer.jpg\",\"width\":348,\"height\":179,\"caption\":\"Embold Credit Union\"},\"image\":{\"@id\":\"https:\/\/www.emboldcu.org\/#\/schema\/logo\/image\/\"},\"sameAs\":[\"https:\/\/www.facebook.com\/emboldcu\",\"https:\/\/x.com\/emboldcu\"]},{\"@type\":\"Person\",\"@id\":\"https:\/\/www.emboldcu.org\/#\/schema\/person\/0957c9559576b33ac02d05f23037b12b\",\"name\":\"Derek Weber\",\"url\":\"https:\/\/www.emboldcu.org\/es\/blog\/author\/derek\/\"}]}<\/script>\n<!-- \/ Yoast SEO Premium plugin. -->","yoast_head_json":{"title":"Embold Credit Union obtiene la designaci\u00f3n Juntos Avanzamos | Embold Credit Union","robots":{"index":"index","follow":"follow","max-snippet":"max-snippet:-1","max-image-preview":"max-image-preview:large","max-video-preview":"max-video-preview:-1"},"canonical":"https:\/\/www.emboldcu.org\/es\/blog\/press-releases\/embold-credit-union-earns-juntos-avanzamos-designation\/","og_locale":"es_ES","og_type":"article","og_title":"Embold Credit Union Earns Juntos Avanzamos Designation","og_description":"At Embold, we&#8217;re committed to serving and empowering Hispanic communities in our six-county service area and we&#8217;ve just earned a Juntos Avanzamos designation from our affiliate partners at Inclusiv, a\u2026 Read more","og_url":"https:\/\/www.emboldcu.org\/es\/blog\/press-releases\/embold-credit-union-earns-juntos-avanzamos-designation\/","og_site_name":"Embold Credit Union","article_publisher":"https:\/\/www.facebook.com\/emboldcu","article_published_time":"2023-08-30T15:22:43+00:00","article_modified_time":"2023-09-08T01:19:02+00:00","og_image":[{"width":450,"height":300,"url":"https:\/\/www.emboldcu.org\/wp-content\/uploads\/2023\/09\/juntos-avanzamos.png","type":"image\/png"}],"author":"Derek Weber","twitter_card":"summary_large_image","twitter_creator":"@emboldcu","twitter_site":"@emboldcu","twitter_misc":{"Written by":"Derek Weber","Est. reading time":"2 minutos"},"schema":{"@context":"https:\/\/schema.org","@graph":[{"@type":"Article","@id":"https:\/\/www.emboldcu.org\/blog\/press-releases\/embold-credit-union-earns-juntos-avanzamos-designation\/#article","isPartOf":{"@id":"https:\/\/www.emboldcu.org\/blog\/press-releases\/embold-credit-union-earns-juntos-avanzamos-designation\/"},"author":{"name":"Derek Weber","@id":"https:\/\/www.emboldcu.org\/#\/schema\/person\/0957c9559576b33ac02d05f23037b12b"},"headline":"Embold Credit Union Earns Juntos Avanzamos Designation","datePublished":"2023-08-30T15:22:43+00:00","dateModified":"2023-09-08T01:19:02+00:00","mainEntityOfPage":{"@id":"https:\/\/www.emboldcu.org\/blog\/press-releases\/embold-credit-union-earns-juntos-avanzamos-designation\/"},"wordCount":263,"publisher":{"@id":"https:\/\/www.emboldcu.org\/#organization"},"image":{"@id":"https:\/\/www.emboldcu.org\/blog\/press-releases\/embold-credit-union-earns-juntos-avanzamos-designation\/#primaryimage"},"thumbnailUrl":"https:\/\/www.emboldcu.org\/wp-content\/uploads\/2023\/09\/juntos-avanzamos.png","articleSection":["Announcements","Press Releases"],"inLanguage":"es-ES"},{"@type":"WebPage","@id":"https:\/\/www.emboldcu.org\/blog\/press-releases\/embold-credit-union-earns-juntos-avanzamos-designation\/","url":"https:\/\/www.emboldcu.org\/blog\/press-releases\/embold-credit-union-earns-juntos-avanzamos-designation\/","name":"Embold Credit Union obtiene la designaci\u00f3n Juntos Avanzamos | Embold Credit Union","isPartOf":{"@id":"https:\/\/www.emboldcu.org\/#website"},"primaryImageOfPage":{"@id":"https:\/\/www.emboldcu.org\/blog\/press-releases\/embold-credit-union-earns-juntos-avanzamos-designation\/#primaryimage"},"image":{"@id":"https:\/\/www.emboldcu.org\/blog\/press-releases\/embold-credit-union-earns-juntos-avanzamos-designation\/#primaryimage"},"thumbnailUrl":"https:\/\/www.emboldcu.org\/wp-content\/uploads\/2023\/09\/juntos-avanzamos.png","datePublished":"2023-08-30T15:22:43+00:00","dateModified":"2023-09-08T01:19:02+00:00","breadcrumb":{"@id":"https:\/\/www.emboldcu.org\/blog\/press-releases\/embold-credit-union-earns-juntos-avanzamos-designation\/#breadcrumb"},"inLanguage":"es-ES","potentialAction":[{"@type":"ReadAction","target":["https:\/\/www.emboldcu.org\/blog\/press-releases\/embold-credit-union-earns-juntos-avanzamos-designation\/"]}]},{"@type":"ImageObject","inLanguage":"es-ES","@id":"https:\/\/www.emboldcu.org\/blog\/press-releases\/embold-credit-union-earns-juntos-avanzamos-designation\/#primaryimage","url":"https:\/\/www.emboldcu.org\/wp-content\/uploads\/2023\/09\/juntos-avanzamos.png","contentUrl":"https:\/\/www.emboldcu.org\/wp-content\/uploads\/2023\/09\/juntos-avanzamos.png","width":450,"height":300,"caption":"juntos avanzamos hispanic flair design"},{"@type":"BreadcrumbList","@id":"https:\/\/www.emboldcu.org\/blog\/press-releases\/embold-credit-union-earns-juntos-avanzamos-designation\/#breadcrumb","itemListElement":[{"@type":"ListItem","position":1,"name":"Home","item":"https:\/\/www.emboldcu.org\/"},{"@type":"ListItem","position":2,"name":"Embold Credit Union Earns Juntos Avanzamos Designation"}]},{"@type":"WebSite","@id":"https:\/\/www.emboldcu.org\/#website","url":"https:\/\/www.emboldcu.org\/","name":"Cooperativa de cr\u00e9dito Embold","description":"En Embold te cubrimos las espaldas","publisher":{"@id":"https:\/\/www.emboldcu.org\/#organization"},"potentialAction":[{"@type":"SearchAction","target":{"@type":"EntryPoint","urlTemplate":"https:\/\/www.emboldcu.org\/?s={search_term_string}"},"query-input":{"@type":"PropertyValueSpecification","valueRequired":true,"valueName":"search_term_string"}}],"inLanguage":"es-ES"},{"@type":"Organization","@id":"https:\/\/www.emboldcu.org\/#organization","name":"Cooperativa de cr\u00e9dito Embold","url":"https:\/\/www.emboldcu.org\/","logo":{"@type":"ImageObject","inLanguage":"es-ES","@id":"https:\/\/www.emboldcu.org\/#\/schema\/logo\/image\/","url":"https:\/\/www.emboldcu.org\/wp-content\/uploads\/2023\/03\/Embold_XDI_Email_footer.jpg","contentUrl":"https:\/\/www.emboldcu.org\/wp-content\/uploads\/2023\/03\/Embold_XDI_Email_footer.jpg","width":348,"height":179,"caption":"Embold Credit Union"},"image":{"@id":"https:\/\/www.emboldcu.org\/#\/schema\/logo\/image\/"},"sameAs":["https:\/\/www.facebook.com\/emboldcu","https:\/\/x.com\/emboldcu"]},{"@type":"Person","@id":"https:\/\/www.emboldcu.org\/#\/schema\/person\/0957c9559576b33ac02d05f23037b12b","name":"Derek Weber","url":"https:\/\/www.emboldcu.org\/es\/blog\/author\/derek\/"}]}},"_links":{"self":[{"href":"https:\/\/www.emboldcu.org\/es\/wp-json\/wp\/v2\/posts\/9005","targetHints":{"allow":["GET"]}}],"collection":[{"href":"https:\/\/www.emboldcu.org\/es\/wp-json\/wp\/v2\/posts"}],"about":[{"href":"https:\/\/www.emboldcu.org\/es\/wp-json\/wp\/v2\/types\/post"}],"author":[{"embeddable":true,"href":"https:\/\/www.emboldcu.org\/es\/wp-json\/wp\/v2\/users\/32"}],"replies":[{"embeddable":true,"href":"https:\/\/www.emboldcu.org\/es\/wp-json\/wp\/v2\/comments?post=9005"}],"version-history":[{"count":6,"href":"https:\/\/www.emboldcu.org\/es\/wp-json\/wp\/v2\/posts\/9005\/revisions"}],"predecessor-version":[{"id":9012,"href":"https:\/\/www.emboldcu.org\/es\/wp-json\/wp\/v2\/posts\/9005\/revisions\/9012"}],"wp:featuredmedia":[{"embeddable":true,"href":"https:\/\/www.emboldcu.org\/es\/wp-json\/wp\/v2\/media\/9060"}],"wp:attachment":[{"href":"https:\/\/www.emboldcu.org\/es\/wp-json\/wp\/v2\/media?parent=9005"}],"wp:term":[{"taxonomy":"category","embeddable":true,"href":"https:\/\/www.emboldcu.org\/es\/wp-json\/wp\/v2\/categories?post=9005"},{"taxonomy":"post_tag","embeddable":true,"href":"https:\/\/www.emboldcu.org\/es\/wp-json\/wp\/v2\/tags?post=9005"}],"curies":[{"name":"wp","href":"https:\/\/api.w.org\/{rel}","templated":true}]}}